{"id":15685,"date":"2020-02-20T20:25:12","date_gmt":"2020-02-20T20:25:12","guid":{"rendered":"http:\/\/blogdorogeriogomes.com.br\/?p=15685"},"modified":"2020-02-21T13:50:27","modified_gmt":"2020-02-21T13:50:27","slug":"agentes-da-pf-e-forca-nacional-passam-a-reforcar-patrulhamento-das-ruas-durante-periodo-de-carnaval","status":"publish","type":"post","link":"https:\/\/blogdorogeriogomes.com.br\/noticias\/2020\/02\/agentes-da-pf-e-forca-nacional-passam-a-reforcar-patrulhamento-das-ruas-durante-periodo-de-carnaval\/","title":{"rendered":"Agentes da PF e For\u00e7a Nacional passam a refor\u00e7ar patrulhamento das ruas durante per\u00edodo de Carnaval"},"content":{"rendered":"\n<p>As festas oficiais do Carnaval 2020 t\u00eam in\u00edcio nesta sexta-feira, dia 21 de fevereiro. A preocupa\u00e7\u00e3o maior \u00e9 com a quest\u00e3o da seguran\u00e7a, n\u00e3o s\u00f3 em Fortaleza, como no interior do Estado, onde est\u00e3o programadas festas. Com a paralisa\u00e7\u00e3o de grupos de policiais e bombeiros militares, o Estado come\u00e7ou a receber, nesta quinta-feira, dia 20 de fevereiro, refor\u00e7os da For\u00e7a Nacional de Seguran\u00e7a e da Pol\u00edcia Federal. <br>\nA Secretaria de Seguran\u00e7a P\u00fablica e Defesa Social diz que 300 agentes da For\u00e7a Nacional e 212 da Pol\u00edcia Federal v\u00e3o refor\u00e7ar o policiamento ostensivo e repressivo no Cear\u00e1 pelos pr\u00f3ximos 30 dias. O patrulhamento tem recebido tamb\u00e9m o apoio da Pol\u00edcia Civil do Cear\u00e1.<br>\nAt\u00e9 o momento, a SSPDS garante que mais de 300 Inqu\u00e9ritos Policiais Militares (IPMs) j\u00e1 foram instaurados e processos disciplinares est\u00e3o em execu\u00e7\u00e3o sobre o motim realizado por policiais militares no Cear\u00e1.<br>\nO governador Camilo Santana enviou of\u00edcio ao presidente Jair Bolsonaro e ao ministro da Defesa, general Fernando Azevedo, solicitando uma opera\u00e7\u00e3o de Garantia da Lei e da Ordem, a GLO. A a\u00e7\u00e3o autoriza o uso imediato das For\u00e7as Armadas para atuar nas fun\u00e7\u00f5es de seguran\u00e7a p\u00fablica.<\/p>\n\n\n\n<figure class=\"wp-block-gallery columns-1 is-cropped wp-block-gallery-1 is-layout-flex wp-block-gallery-is-layout-flex\"><ul class=\"blocks-gallery-grid\"><li class=\"blocks-gallery-item\"><figure><img loading=\"lazy\" decoding=\"async\" width=\"522\" height=\"452\" src=\"http:\/\/blogdorogeriogomes.com.br\/wp-content\/uploads\/2020\/02\/IMG_20200220_171857_712.jpg\" alt=\"\" data-id=\"15686\" data-full-url=\"http:\/\/blogdorogeriogomes.com.br\/wp-content\/uploads\/2020\/02\/IMG_20200220_171857_712.jpg\" data-link=\"http:\/\/blogdorogeriogomes.com.br\/?attachment_id=15686\" class=\"wp-image-15686\" srcset=\"https:\/\/blogdorogeriogomes.com.br\/noticias\/wp-content\/uploads\/2020\/02\/IMG_20200220_171857_712.jpg 522w, https:\/\/blogdorogeriogomes.com.br\/noticias\/wp-content\/uploads\/2020\/02\/IMG_20200220_171857_712-300x260.jpg 300w\" sizes=\"auto, (max-width: 522px) 100vw, 522px\" \/><\/figure><\/li><\/ul><\/figure>\n","protected":false},"excerpt":{"rendered":"<p>As festas oficiais do Carnaval 2020 t\u00eam in\u00edcio nesta sexta-feira, dia 21 de fevereiro. A preocupa\u00e7\u00e3o maior \u00e9 com a quest\u00e3o da seguran\u00e7a, n\u00e3o s\u00f3 em Fortaleza, como no interior do Estado, onde est\u00e3o programadas festas. Com a paralisa\u00e7\u00e3o de grupos de policiais e bombeiros militares, o Estado come\u00e7ou a receber, nesta quinta-feira, dia 20 de fevereiro, refor\u00e7os da For\u00e7a Nacional de Seguran\u00e7a e da Pol\u00edcia Federal. A Secretaria de Seguran\u00e7a P\u00fablica e Defesa Social diz que 300 agentes&hellip;<\/p>\n","protected":false},"author":1,"featured_media":15686,"comment_status":"open","ping_status":"open","sticky":false,"template":"","format":"standard","meta":{"footnotes":""},"categories":[1],"tags":[],"class_list":["post-15685","post","type-post","status-publish","format-standard","has-post-thumbnail","hentry","category-noticias"],"_links":{"self":[{"href":"https:\/\/blogdorogeriogomes.com.br\/noticias\/wp-json\/wp\/v2\/posts\/15685","targetHints":{"allow":["GET"]}}],"collection":[{"href":"https:\/\/blogdorogeriogomes.com.br\/noticias\/wp-json\/wp\/v2\/posts"}],"about":[{"href":"https:\/\/blogdorogeriogomes.com.br\/noticias\/wp-json\/wp\/v2\/types\/post"}],"author":[{"embeddable":true,"href":"https:\/\/blogdorogeriogomes.com.br\/noticias\/wp-json\/wp\/v2\/users\/1"}],"replies":[{"embeddable":true,"href":"https:\/\/blogdorogeriogomes.com.br\/noticias\/wp-json\/wp\/v2\/comments?post=15685"}],"version-history":[{"count":1,"href":"https:\/\/blogdorogeriogomes.com.br\/noticias\/wp-json\/wp\/v2\/posts\/15685\/revisions"}],"predecessor-version":[{"id":15687,"href":"https:\/\/blogdorogeriogomes.com.br\/noticias\/wp-json\/wp\/v2\/posts\/15685\/revisions\/15687"}],"wp:featuredmedia":[{"embeddable":true,"href":"https:\/\/blogdorogeriogomes.com.br\/noticias\/wp-json\/wp\/v2\/media\/15686"}],"wp:attachment":[{"href":"https:\/\/blogdorogeriogomes.com.br\/noticias\/wp-json\/wp\/v2\/media?parent=15685"}],"wp:term":[{"taxonomy":"category","embeddable":true,"href":"https:\/\/blogdorogeriogomes.com.br\/noticias\/wp-json\/wp\/v2\/categories?post=15685"},{"taxonomy":"post_tag","embeddable":true,"href":"https:\/\/blogdorogeriogomes.com.br\/noticias\/wp-json\/wp\/v2\/tags?post=15685"}],"curies":[{"name":"wp","href":"https:\/\/api.w.org\/{rel}","templated":true}]}}