{"id":15698,"date":"2020-02-21T18:55:38","date_gmt":"2020-02-21T18:55:38","guid":{"rendered":"http:\/\/blogdorogeriogomes.com.br\/?p=15698"},"modified":"2020-02-27T11:07:33","modified_gmt":"2020-02-27T11:07:33","slug":"comissao-de-senadores-mostra-preocupacao-com-futuro-dos-militares-amotinados-sem-concessao-de-anistia","status":"publish","type":"post","link":"https:\/\/blogdorogeriogomes.com.br\/noticias\/2020\/02\/comissao-de-senadores-mostra-preocupacao-com-futuro-dos-militares-amotinados-sem-concessao-de-anistia\/","title":{"rendered":"Comiss\u00e3o de senadores mostra preocupa\u00e7\u00e3o com futuro dos militares amotinados sem concess\u00e3o de anistia"},"content":{"rendered":"\n<p>A comiss\u00e3o de senadores que participa das negocia\u00e7\u00f5es com policiais e bombeiros militares, que est\u00e3o amotinados em batalh\u00f5es da PM no Cear\u00e1, tem uma avalia\u00e7\u00e3o preocupante do futuro dos manifestantes nas duas corpora\u00e7\u00f5es. O senador Major Ol\u00edmpio, do PSL de S\u00e3o Paulo, que j\u00e1 foi presidente da Associa\u00e7\u00e3o Paulista dos Oficiais da Pol\u00edcia Militar, classificou os PMs que paralisaram as atividades nesta semana como uma &#8220;legi\u00e3o de jovenzinhos inexperientes que n\u00e3o sabem que v\u00e3o se arrebentar, perder a fun\u00e7\u00e3o p\u00fablica e serem condenados como criminosos militares&#8221;. Ele avalia que com o Ex\u00e9rcito Brasileiro assumindo o comando da seguran\u00e7a p\u00fablica do Cear\u00e1, a preocupa\u00e7\u00e3o dos manifestantes deixa de ser a quest\u00e3o salarial para ser a anistia pelas infra\u00e7\u00f5es cometidas durante o movimento.<br>\nO governador do Cear\u00e1, Camilo Santana, j\u00e1 declarou que &#8220;anistia para quem fizer motim na pol\u00edcia \u00e9 inegoci\u00e1vel&#8221;. Governadores de outros estados, onde h\u00e1 negocia\u00e7\u00e3o salarial com militares em andamento, j\u00e1 mostraram concord\u00e2ncia que n\u00e3o haja qualquer concess\u00e3o de anistia a policiais militares que integram o movimento. O objetivo \u00e9 evitar um &#8220;efeito cascata&#8221; de paralisa\u00e7\u00f5es de PMs em todo o Pa\u00eds.<\/p>\n\n\n\n<figure class=\"wp-block-gallery columns-1 is-cropped wp-block-gallery-1 is-layout-flex wp-block-gallery-is-layout-flex\"><ul class=\"blocks-gallery-grid\"><li class=\"blocks-gallery-item\"><figure><img loading=\"lazy\" decoding=\"async\" width=\"634\" height=\"415\" src=\"http:\/\/blogdorogeriogomes.com.br\/wp-content\/uploads\/2020\/02\/IMG_20200221_154741_257.jpg\" alt=\"\" data-id=\"15699\" data-full-url=\"http:\/\/blogdorogeriogomes.com.br\/wp-content\/uploads\/2020\/02\/IMG_20200221_154741_257.jpg\" data-link=\"http:\/\/blogdorogeriogomes.com.br\/?attachment_id=15699\" class=\"wp-image-15699\" srcset=\"https:\/\/blogdorogeriogomes.com.br\/noticias\/wp-content\/uploads\/2020\/02\/IMG_20200221_154741_257.jpg 634w, https:\/\/blogdorogeriogomes.com.br\/noticias\/wp-content\/uploads\/2020\/02\/IMG_20200221_154741_257-300x196.jpg 300w\" sizes=\"auto, (max-width: 634px) 100vw, 634px\" \/><\/figure><\/li><\/ul><\/figure>\n","protected":false},"excerpt":{"rendered":"<p>A comiss\u00e3o de senadores que participa das negocia\u00e7\u00f5es com policiais e bombeiros militares, que est\u00e3o amotinados em batalh\u00f5es da PM no Cear\u00e1, tem uma avalia\u00e7\u00e3o preocupante do futuro dos manifestantes nas duas corpora\u00e7\u00f5es. O senador Major Ol\u00edmpio, do PSL de S\u00e3o Paulo, que j\u00e1 foi presidente da Associa\u00e7\u00e3o Paulista dos Oficiais da Pol\u00edcia Militar, classificou os PMs que paralisaram as atividades nesta semana como uma &#8220;legi\u00e3o de jovenzinhos inexperientes que n\u00e3o sabem que v\u00e3o se arrebentar, perder a fun\u00e7\u00e3o&hellip;<\/p>\n","protected":false},"author":1,"featured_media":15699,"comment_status":"open","ping_status":"open","sticky":false,"template":"","format":"standard","meta":{"footnotes":""},"categories":[1],"tags":[],"class_list":["post-15698","post","type-post","status-publish","format-standard","has-post-thumbnail","hentry","category-noticias"],"_links":{"self":[{"href":"https:\/\/blogdorogeriogomes.com.br\/noticias\/wp-json\/wp\/v2\/posts\/15698","targetHints":{"allow":["GET"]}}],"collection":[{"href":"https:\/\/blogdorogeriogomes.com.br\/noticias\/wp-json\/wp\/v2\/posts"}],"about":[{"href":"https:\/\/blogdorogeriogomes.com.br\/noticias\/wp-json\/wp\/v2\/types\/post"}],"author":[{"embeddable":true,"href":"https:\/\/blogdorogeriogomes.com.br\/noticias\/wp-json\/wp\/v2\/users\/1"}],"replies":[{"embeddable":true,"href":"https:\/\/blogdorogeriogomes.com.br\/noticias\/wp-json\/wp\/v2\/comments?post=15698"}],"version-history":[{"count":1,"href":"https:\/\/blogdorogeriogomes.com.br\/noticias\/wp-json\/wp\/v2\/posts\/15698\/revisions"}],"predecessor-version":[{"id":15700,"href":"https:\/\/blogdorogeriogomes.com.br\/noticias\/wp-json\/wp\/v2\/posts\/15698\/revisions\/15700"}],"wp:featuredmedia":[{"embeddable":true,"href":"https:\/\/blogdorogeriogomes.com.br\/noticias\/wp-json\/wp\/v2\/media\/15699"}],"wp:attachment":[{"href":"https:\/\/blogdorogeriogomes.com.br\/noticias\/wp-json\/wp\/v2\/media?parent=15698"}],"wp:term":[{"taxonomy":"category","embeddable":true,"href":"https:\/\/blogdorogeriogomes.com.br\/noticias\/wp-json\/wp\/v2\/categories?post=15698"},{"taxonomy":"post_tag","embeddable":true,"href":"https:\/\/blogdorogeriogomes.com.br\/noticias\/wp-json\/wp\/v2\/tags?post=15698"}],"curies":[{"name":"wp","href":"https:\/\/api.w.org\/{rel}","templated":true}]}}