{"id":15701,"date":"2020-02-22T19:06:51","date_gmt":"2020-02-22T19:06:51","guid":{"rendered":"http:\/\/blogdorogeriogomes.com.br\/?p=15701"},"modified":"2020-02-27T11:07:19","modified_gmt":"2020-02-27T11:07:19","slug":"ministros-da-justica-e-defesa-vem-a-fortaleza-para-se-reunir-com-camilo-santana","status":"publish","type":"post","link":"https:\/\/blogdorogeriogomes.com.br\/noticias\/2020\/02\/ministros-da-justica-e-defesa-vem-a-fortaleza-para-se-reunir-com-camilo-santana\/","title":{"rendered":"Ministros da Justi\u00e7a e Defesa v\u00eam a Fortaleza para se reunir com Camilo Santana"},"content":{"rendered":"\n<p>Os ministros da Defesa, Fernando Azevedo e Silva, da Justi\u00e7a, S\u00e9rgio Moro, e da Advocacia Geral da Uni\u00e3o, Andr\u00e9 Luiz Mendon\u00e7a, vir\u00e3o a Fortaleza, na segunda-feira, dia 24 de fevereiro, para um encontro com o governador Camilo Santana e tamb\u00e9m para uma reuni\u00e3o no comando da 10\u00aa Regi\u00e3o Militar. O objetivo \u00e9 acompanhar os desdobramentos da Opera\u00e7\u00e3o de Garantia da Lei e da Ordem (GLO), que garantiu com que o Ex\u00e9rcito assumisse o controle da seguran\u00e7a p\u00fablica no Cear\u00e1.<br>\nPelo menos 167&nbsp;policiais militares, identificados e investigados por participar da paralisa\u00e7\u00e3o no Cear\u00e1, foram afastados pelo Governo do Estado do Cear\u00e1, conforme publicado no&nbsp;Di\u00e1rio Oficial do Estado (DOE). Eles j\u00e1 n\u00e3o recebem mais sal\u00e1rios e devem entregar identifica\u00e7\u00f5es funcionais, distintivos, armas e algemas.<\/p>\n\n\n\n<figure class=\"wp-block-gallery columns-1 is-cropped wp-block-gallery-1 is-layout-flex wp-block-gallery-is-layout-flex\"><ul class=\"blocks-gallery-grid\"><li class=\"blocks-gallery-item\"><figure><img loading=\"lazy\" decoding=\"async\" width=\"652\" height=\"652\" src=\"http:\/\/blogdorogeriogomes.com.br\/wp-content\/uploads\/2020\/02\/IMG_20200222_160158_303.jpg\" alt=\"\" data-id=\"15702\" data-full-url=\"http:\/\/blogdorogeriogomes.com.br\/wp-content\/uploads\/2020\/02\/IMG_20200222_160158_303.jpg\" data-link=\"http:\/\/blogdorogeriogomes.com.br\/?attachment_id=15702\" class=\"wp-image-15702\" srcset=\"https:\/\/blogdorogeriogomes.com.br\/noticias\/wp-content\/uploads\/2020\/02\/IMG_20200222_160158_303.jpg 652w, https:\/\/blogdorogeriogomes.com.br\/noticias\/wp-content\/uploads\/2020\/02\/IMG_20200222_160158_303-300x300.jpg 300w, https:\/\/blogdorogeriogomes.com.br\/noticias\/wp-content\/uploads\/2020\/02\/IMG_20200222_160158_303-150x150.jpg 150w, https:\/\/blogdorogeriogomes.com.br\/noticias\/wp-content\/uploads\/2020\/02\/IMG_20200222_160158_303-250x250.jpg 250w\" sizes=\"auto, (max-width: 652px) 100vw, 652px\" \/><\/figure><\/li><\/ul><\/figure>\n","protected":false},"excerpt":{"rendered":"<p>Os ministros da Defesa, Fernando Azevedo e Silva, da Justi\u00e7a, S\u00e9rgio Moro, e da Advocacia Geral da Uni\u00e3o, Andr\u00e9 Luiz Mendon\u00e7a, vir\u00e3o a Fortaleza, na segunda-feira, dia 24 de fevereiro, para um encontro com o governador Camilo Santana e tamb\u00e9m para uma reuni\u00e3o no comando da 10\u00aa Regi\u00e3o Militar. O objetivo \u00e9 acompanhar os desdobramentos da Opera\u00e7\u00e3o de Garantia da Lei e da Ordem (GLO), que garantiu com que o Ex\u00e9rcito assumisse o controle da seguran\u00e7a p\u00fablica no Cear\u00e1.&hellip;<\/p>\n","protected":false},"author":1,"featured_media":15702,"comment_status":"open","ping_status":"open","sticky":false,"template":"","format":"standard","meta":{"footnotes":""},"categories":[1],"tags":[],"class_list":["post-15701","post","type-post","status-publish","format-standard","has-post-thumbnail","hentry","category-noticias"],"_links":{"self":[{"href":"https:\/\/blogdorogeriogomes.com.br\/noticias\/wp-json\/wp\/v2\/posts\/15701","targetHints":{"allow":["GET"]}}],"collection":[{"href":"https:\/\/blogdorogeriogomes.com.br\/noticias\/wp-json\/wp\/v2\/posts"}],"about":[{"href":"https:\/\/blogdorogeriogomes.com.br\/noticias\/wp-json\/wp\/v2\/types\/post"}],"author":[{"embeddable":true,"href":"https:\/\/blogdorogeriogomes.com.br\/noticias\/wp-json\/wp\/v2\/users\/1"}],"replies":[{"embeddable":true,"href":"https:\/\/blogdorogeriogomes.com.br\/noticias\/wp-json\/wp\/v2\/comments?post=15701"}],"version-history":[{"count":1,"href":"https:\/\/blogdorogeriogomes.com.br\/noticias\/wp-json\/wp\/v2\/posts\/15701\/revisions"}],"predecessor-version":[{"id":15703,"href":"https:\/\/blogdorogeriogomes.com.br\/noticias\/wp-json\/wp\/v2\/posts\/15701\/revisions\/15703"}],"wp:featuredmedia":[{"embeddable":true,"href":"https:\/\/blogdorogeriogomes.com.br\/noticias\/wp-json\/wp\/v2\/media\/15702"}],"wp:attachment":[{"href":"https:\/\/blogdorogeriogomes.com.br\/noticias\/wp-json\/wp\/v2\/media?parent=15701"}],"wp:term":[{"taxonomy":"category","embeddable":true,"href":"https:\/\/blogdorogeriogomes.com.br\/noticias\/wp-json\/wp\/v2\/categories?post=15701"},{"taxonomy":"post_tag","embeddable":true,"href":"https:\/\/blogdorogeriogomes.com.br\/noticias\/wp-json\/wp\/v2\/tags?post=15701"}],"curies":[{"name":"wp","href":"https:\/\/api.w.org\/{rel}","templated":true}]}}