{"id":15704,"date":"2020-02-24T11:39:35","date_gmt":"2020-02-24T11:39:35","guid":{"rendered":"http:\/\/blogdorogeriogomes.com.br\/?p=15704"},"modified":"2020-02-27T11:07:02","modified_gmt":"2020-02-27T11:07:02","slug":"ceara-ja-tem-230-pms-afastados-e-mais-de-30-presos-por-participacao-em-motim","status":"publish","type":"post","link":"https:\/\/blogdorogeriogomes.com.br\/noticias\/2020\/02\/ceara-ja-tem-230-pms-afastados-e-mais-de-30-presos-por-participacao-em-motim\/","title":{"rendered":"Cear\u00e1 j\u00e1 tem 230 PMs afastados e mais de 30 presos por participa\u00e7\u00e3o em motim"},"content":{"rendered":"\n<p>O Cear\u00e1 j\u00e1 tem 230 policiais militares afastados da corpora\u00e7\u00e3o por envolvimento em a\u00e7\u00f5es de motim em Fortaleza e no interior do Estado. Neste domingo, dia 23 de fevereiro, a Secretaria de Seguran\u00e7a P\u00fablica e Defesa Social anunciou a pris\u00e3o de mais de 30 PMs por deser\u00e7\u00e3o. Ou seja, n\u00e3o cumpriram a escala de trabalho programada para a Opera\u00e7\u00e3o Carnaval 2020.<br>\nOs militares afastados t\u00eam o sal\u00e1rio do m\u00eas cortado e devem entregar a identifica\u00e7\u00e3o funcional, distintivo, armas de fogo e algemas.<br>\nDesde o in\u00edcio do motim de policiais militares, o Cear\u00e1 registrou 122 homic\u00eddios de quarta-feira, dia 19 de fevereiro, at\u00e9 o s\u00e1bado, dia 22. <br>\nAs For\u00e7as Armadas continuam atuando na seguran\u00e7a de pontos estrat\u00e9gicos de Fortaleza e Regi\u00e3o Metropolitana com um efetivo de cerca de 300 viaturas e 2.500 militares vindos de diversas regi\u00f5es do Pa\u00eds.<\/p>\n\n\n\n<figure class=\"wp-block-gallery columns-1 is-cropped wp-block-gallery-1 is-layout-flex wp-block-gallery-is-layout-flex\"><ul class=\"blocks-gallery-grid\"><li class=\"blocks-gallery-item\"><figure><img loading=\"lazy\" decoding=\"async\" width=\"756\" height=\"491\" src=\"http:\/\/blogdorogeriogomes.com.br\/wp-content\/uploads\/2020\/02\/IMG_20200224_083514_663.jpg\" alt=\"\" data-id=\"15705\" data-full-url=\"http:\/\/blogdorogeriogomes.com.br\/wp-content\/uploads\/2020\/02\/IMG_20200224_083514_663.jpg\" data-link=\"http:\/\/blogdorogeriogomes.com.br\/?attachment_id=15705\" class=\"wp-image-15705\" srcset=\"https:\/\/blogdorogeriogomes.com.br\/noticias\/wp-content\/uploads\/2020\/02\/IMG_20200224_083514_663.jpg 756w, https:\/\/blogdorogeriogomes.com.br\/noticias\/wp-content\/uploads\/2020\/02\/IMG_20200224_083514_663-300x195.jpg 300w\" sizes=\"auto, (max-width: 756px) 100vw, 756px\" \/><\/figure><\/li><\/ul><\/figure>\n","protected":false},"excerpt":{"rendered":"<p>O Cear\u00e1 j\u00e1 tem 230 policiais militares afastados da corpora\u00e7\u00e3o por envolvimento em a\u00e7\u00f5es de motim em Fortaleza e no interior do Estado. Neste domingo, dia 23 de fevereiro, a Secretaria de Seguran\u00e7a P\u00fablica e Defesa Social anunciou a pris\u00e3o de mais de 30 PMs por deser\u00e7\u00e3o. Ou seja, n\u00e3o cumpriram a escala de trabalho programada para a Opera\u00e7\u00e3o Carnaval 2020. Os militares afastados t\u00eam o sal\u00e1rio do m\u00eas cortado e devem entregar a identifica\u00e7\u00e3o funcional, distintivo, armas de&hellip;<\/p>\n","protected":false},"author":1,"featured_media":15705,"comment_status":"open","ping_status":"open","sticky":false,"template":"","format":"standard","meta":{"footnotes":""},"categories":[1],"tags":[],"class_list":["post-15704","post","type-post","status-publish","format-standard","has-post-thumbnail","hentry","category-noticias"],"_links":{"self":[{"href":"https:\/\/blogdorogeriogomes.com.br\/noticias\/wp-json\/wp\/v2\/posts\/15704","targetHints":{"allow":["GET"]}}],"collection":[{"href":"https:\/\/blogdorogeriogomes.com.br\/noticias\/wp-json\/wp\/v2\/posts"}],"about":[{"href":"https:\/\/blogdorogeriogomes.com.br\/noticias\/wp-json\/wp\/v2\/types\/post"}],"author":[{"embeddable":true,"href":"https:\/\/blogdorogeriogomes.com.br\/noticias\/wp-json\/wp\/v2\/users\/1"}],"replies":[{"embeddable":true,"href":"https:\/\/blogdorogeriogomes.com.br\/noticias\/wp-json\/wp\/v2\/comments?post=15704"}],"version-history":[{"count":1,"href":"https:\/\/blogdorogeriogomes.com.br\/noticias\/wp-json\/wp\/v2\/posts\/15704\/revisions"}],"predecessor-version":[{"id":15706,"href":"https:\/\/blogdorogeriogomes.com.br\/noticias\/wp-json\/wp\/v2\/posts\/15704\/revisions\/15706"}],"wp:featuredmedia":[{"embeddable":true,"href":"https:\/\/blogdorogeriogomes.com.br\/noticias\/wp-json\/wp\/v2\/media\/15705"}],"wp:attachment":[{"href":"https:\/\/blogdorogeriogomes.com.br\/noticias\/wp-json\/wp\/v2\/media?parent=15704"}],"wp:term":[{"taxonomy":"category","embeddable":true,"href":"https:\/\/blogdorogeriogomes.com.br\/noticias\/wp-json\/wp\/v2\/categories?post=15704"},{"taxonomy":"post_tag","embeddable":true,"href":"https:\/\/blogdorogeriogomes.com.br\/noticias\/wp-json\/wp\/v2\/tags?post=15704"}],"curies":[{"name":"wp","href":"https:\/\/api.w.org\/{rel}","templated":true}]}}