{"id":15707,"date":"2020-02-25T00:22:06","date_gmt":"2020-02-25T00:22:06","guid":{"rendered":"http:\/\/blogdorogeriogomes.com.br\/?p=15707"},"modified":"2020-02-27T11:06:48","modified_gmt":"2020-02-27T11:06:48","slug":"ministros-visitam-ceara-e-pedem-que-policiais-militares-em-motim-encerrem-movimento","status":"publish","type":"post","link":"https:\/\/blogdorogeriogomes.com.br\/noticias\/2020\/02\/ministros-visitam-ceara-e-pedem-que-policiais-militares-em-motim-encerrem-movimento\/","title":{"rendered":"Ministros visitam Cear\u00e1 e pedem que policiais militares em motim encerrem movimento"},"content":{"rendered":"\n<p>Os ministros da Justi\u00e7a, Sergio Moro, da Defesa, general Fernando Azevedo, e  da Advocacia Geral da Uni\u00e3o, Andr\u00e9 Mendon\u00e7a, pediram que os policiais grevistas do Cear\u00e1 encerrem o motim deflagrado na semana passada. Eles se reuniram nesta segunda-feira, dia 24 de fevereiro, com o governador Camilo Santana e com o comando da 10a Regi\u00e3o Militar.<br>\n&#8220;As for\u00e7as est\u00e3o aqui para atender uma situa\u00e7\u00e3o que \u00e9 tempor\u00e1ria e deve ser resolvida brevemente. Existe um indicativo de aumento de alguns crimes mais violentos, mas n\u00e3o h\u00e1 uma situa\u00e7\u00e3o de absoluta desordem. As pessoas est\u00e3o nas ruas, n\u00f3s circulamos nas ruas. N\u00e3o existem, por exemplo, saques nem nada disso a estabelecimentos comerciais. A situa\u00e7\u00e3o est\u00e1 sob controle, claro, dentro de um contexto relativamente dif\u00edcil em que parte da pol\u00edcia estadual est\u00e1 paralisada&#8221;, afirmou o ministro S\u00e9rgio Moro.<br>\nA expectativa da Secretaria de Seguran\u00e7a P\u00fablica e Defesa Social \u00e9 que a situa\u00e7\u00e3o possa ser resolvida at\u00e9 a pr\u00f3xima sexta-feira, dia 28.<\/p>\n\n\n\n<figure class=\"wp-block-gallery columns-1 is-cropped wp-block-gallery-1 is-layout-flex wp-block-gallery-is-layout-flex\"><ul class=\"blocks-gallery-grid\"><li class=\"blocks-gallery-item\"><figure><img loading=\"lazy\" decoding=\"async\" width=\"1024\" height=\"768\" src=\"http:\/\/blogdorogeriogomes.com.br\/wp-content\/uploads\/2020\/02\/IMG-20200224-WA0060-1024x768.jpg\" alt=\"\" data-id=\"15708\" data-full-url=\"http:\/\/blogdorogeriogomes.com.br\/wp-content\/uploads\/2020\/02\/IMG-20200224-WA0060.jpg\" data-link=\"http:\/\/blogdorogeriogomes.com.br\/?attachment_id=15708\" class=\"wp-image-15708\" srcset=\"https:\/\/blogdorogeriogomes.com.br\/noticias\/wp-content\/uploads\/2020\/02\/IMG-20200224-WA0060-1024x768.jpg 1024w, https:\/\/blogdorogeriogomes.com.br\/noticias\/wp-content\/uploads\/2020\/02\/IMG-20200224-WA0060-300x225.jpg 300w, https:\/\/blogdorogeriogomes.com.br\/noticias\/wp-content\/uploads\/2020\/02\/IMG-20200224-WA0060-768x576.jpg 768w, https:\/\/blogdorogeriogomes.com.br\/noticias\/wp-content\/uploads\/2020\/02\/IMG-20200224-WA0060-800x600.jpg 800w, https:\/\/blogdorogeriogomes.com.br\/noticias\/wp-content\/uploads\/2020\/02\/IMG-20200224-WA0060-400x300.jpg 400w, https:\/\/blogdorogeriogomes.com.br\/noticias\/wp-content\/uploads\/2020\/02\/IMG-20200224-WA0060.jpg 1032w\" sizes=\"auto, (max-width: 1024px) 100vw, 1024px\" \/><\/figure><\/li><\/ul><\/figure>\n","protected":false},"excerpt":{"rendered":"<p>Os ministros da Justi\u00e7a, Sergio Moro, da Defesa, general Fernando Azevedo, e da Advocacia Geral da Uni\u00e3o, Andr\u00e9 Mendon\u00e7a, pediram que os policiais grevistas do Cear\u00e1 encerrem o motim deflagrado na semana passada. Eles se reuniram nesta segunda-feira, dia 24 de fevereiro, com o governador Camilo Santana e com o comando da 10a Regi\u00e3o Militar. &#8220;As for\u00e7as est\u00e3o aqui para atender uma situa\u00e7\u00e3o que \u00e9 tempor\u00e1ria e deve ser resolvida brevemente. Existe um indicativo de aumento de alguns crimes&hellip;<\/p>\n","protected":false},"author":1,"featured_media":15708,"comment_status":"open","ping_status":"open","sticky":false,"template":"","format":"standard","meta":{"footnotes":""},"categories":[1],"tags":[],"class_list":["post-15707","post","type-post","status-publish","format-standard","has-post-thumbnail","hentry","category-noticias"],"_links":{"self":[{"href":"https:\/\/blogdorogeriogomes.com.br\/noticias\/wp-json\/wp\/v2\/posts\/15707","targetHints":{"allow":["GET"]}}],"collection":[{"href":"https:\/\/blogdorogeriogomes.com.br\/noticias\/wp-json\/wp\/v2\/posts"}],"about":[{"href":"https:\/\/blogdorogeriogomes.com.br\/noticias\/wp-json\/wp\/v2\/types\/post"}],"author":[{"embeddable":true,"href":"https:\/\/blogdorogeriogomes.com.br\/noticias\/wp-json\/wp\/v2\/users\/1"}],"replies":[{"embeddable":true,"href":"https:\/\/blogdorogeriogomes.com.br\/noticias\/wp-json\/wp\/v2\/comments?post=15707"}],"version-history":[{"count":1,"href":"https:\/\/blogdorogeriogomes.com.br\/noticias\/wp-json\/wp\/v2\/posts\/15707\/revisions"}],"predecessor-version":[{"id":15709,"href":"https:\/\/blogdorogeriogomes.com.br\/noticias\/wp-json\/wp\/v2\/posts\/15707\/revisions\/15709"}],"wp:featuredmedia":[{"embeddable":true,"href":"https:\/\/blogdorogeriogomes.com.br\/noticias\/wp-json\/wp\/v2\/media\/15708"}],"wp:attachment":[{"href":"https:\/\/blogdorogeriogomes.com.br\/noticias\/wp-json\/wp\/v2\/media?parent=15707"}],"wp:term":[{"taxonomy":"category","embeddable":true,"href":"https:\/\/blogdorogeriogomes.com.br\/noticias\/wp-json\/wp\/v2\/categories?post=15707"},{"taxonomy":"post_tag","embeddable":true,"href":"https:\/\/blogdorogeriogomes.com.br\/noticias\/wp-json\/wp\/v2\/tags?post=15707"}],"curies":[{"name":"wp","href":"https:\/\/api.w.org\/{rel}","templated":true}]}}