{"id":15711,"date":"2020-02-26T12:07:35","date_gmt":"2020-02-26T12:07:35","guid":{"rendered":"http:\/\/blogdorogeriogomes.com.br\/?p=15711"},"modified":"2020-02-27T11:06:23","modified_gmt":"2020-02-27T11:06:23","slug":"comissao-formada-por-governo-estadual-assembleia-e-ministerio-publico-tentara-acordo-para-por-fim-ao-motim-de-pms-no-ceara","status":"publish","type":"post","link":"https:\/\/blogdorogeriogomes.com.br\/noticias\/2020\/02\/comissao-formada-por-governo-estadual-assembleia-e-ministerio-publico-tentara-acordo-para-por-fim-ao-motim-de-pms-no-ceara\/","title":{"rendered":"Comiss\u00e3o formada por Governo Estadual, Assembleia e Minist\u00e9rio P\u00fablico tentar\u00e1 acordo para por fim ao motim de PMs no Cear\u00e1"},"content":{"rendered":"\n<p>Depois de receber uma comitiva interministerial durante o Carnaval, que envolveu at\u00e9 o ministro da Justi\u00e7a, Sergio Moro, o governador Camilo Santana parte agora para uma a\u00e7\u00e3o pr\u00e1tica envolvendo membros do Legislativo e Judici\u00e1rio locais. Por sugest\u00e3o do Minist\u00e9rio P\u00fablico do Cear\u00e1, est\u00e1 sendo criada uma comiss\u00e3o formada por representantes de cada poder, com o acompanhamento do Ex\u00e9rcito e com o objetivo de buscar uma solu\u00e7\u00e3o para por fim \u00e0 paralisa\u00e7\u00e3o de parte dos Policiais Militares do Cear\u00e1.<br>\nApesar da interven\u00e7\u00e3o das For\u00e7as Armadas e da For\u00e7a Nacional de Seguran\u00e7a, \u00e9 preocupante o aumento de assassinatos durante os nove dias de motim promovido pelos PMs em quart\u00e9is. Cerca de 170 pessoas foram v\u00edtimas de homic\u00eddio no Estado desde a \u00faltima quarta-feira, dia 19 de fevereiro, at\u00e9 a \u00faltima segunda-feira, dia 24. Foi o Carnaval mais violento desde 2014.<\/p>\n\n\n\n<figure class=\"wp-block-gallery columns-1 is-cropped wp-block-gallery-1 is-layout-flex wp-block-gallery-is-layout-flex\"><ul class=\"blocks-gallery-grid\"><li class=\"blocks-gallery-item\"><figure><img loading=\"lazy\" decoding=\"async\" width=\"885\" height=\"591\" src=\"http:\/\/blogdorogeriogomes.com.br\/wp-content\/uploads\/2020\/02\/CGM9308.jpg\" alt=\"\" data-id=\"15712\" data-full-url=\"http:\/\/blogdorogeriogomes.com.br\/wp-content\/uploads\/2020\/02\/CGM9308.jpg\" data-link=\"http:\/\/blogdorogeriogomes.com.br\/?attachment_id=15712\" class=\"wp-image-15712\" srcset=\"https:\/\/blogdorogeriogomes.com.br\/noticias\/wp-content\/uploads\/2020\/02\/CGM9308.jpg 885w, https:\/\/blogdorogeriogomes.com.br\/noticias\/wp-content\/uploads\/2020\/02\/CGM9308-300x200.jpg 300w, https:\/\/blogdorogeriogomes.com.br\/noticias\/wp-content\/uploads\/2020\/02\/CGM9308-768x513.jpg 768w, https:\/\/blogdorogeriogomes.com.br\/noticias\/wp-content\/uploads\/2020\/02\/CGM9308-800x534.jpg 800w\" sizes=\"auto, (max-width: 885px) 100vw, 885px\" \/><\/figure><\/li><\/ul><\/figure>\n","protected":false},"excerpt":{"rendered":"<p>Depois de receber uma comitiva interministerial durante o Carnaval, que envolveu at\u00e9 o ministro da Justi\u00e7a, Sergio Moro, o governador Camilo Santana parte agora para uma a\u00e7\u00e3o pr\u00e1tica envolvendo membros do Legislativo e Judici\u00e1rio locais. Por sugest\u00e3o do Minist\u00e9rio P\u00fablico do Cear\u00e1, est\u00e1 sendo criada uma comiss\u00e3o formada por representantes de cada poder, com o acompanhamento do Ex\u00e9rcito e com o objetivo de buscar uma solu\u00e7\u00e3o para por fim \u00e0 paralisa\u00e7\u00e3o de parte dos Policiais Militares do Cear\u00e1. Apesar&hellip;<\/p>\n","protected":false},"author":1,"featured_media":15712,"comment_status":"open","ping_status":"open","sticky":false,"template":"","format":"standard","meta":{"footnotes":""},"categories":[1],"tags":[],"class_list":["post-15711","post","type-post","status-publish","format-standard","has-post-thumbnail","hentry","category-noticias"],"_links":{"self":[{"href":"https:\/\/blogdorogeriogomes.com.br\/noticias\/wp-json\/wp\/v2\/posts\/15711","targetHints":{"allow":["GET"]}}],"collection":[{"href":"https:\/\/blogdorogeriogomes.com.br\/noticias\/wp-json\/wp\/v2\/posts"}],"about":[{"href":"https:\/\/blogdorogeriogomes.com.br\/noticias\/wp-json\/wp\/v2\/types\/post"}],"author":[{"embeddable":true,"href":"https:\/\/blogdorogeriogomes.com.br\/noticias\/wp-json\/wp\/v2\/users\/1"}],"replies":[{"embeddable":true,"href":"https:\/\/blogdorogeriogomes.com.br\/noticias\/wp-json\/wp\/v2\/comments?post=15711"}],"version-history":[{"count":1,"href":"https:\/\/blogdorogeriogomes.com.br\/noticias\/wp-json\/wp\/v2\/posts\/15711\/revisions"}],"predecessor-version":[{"id":15713,"href":"https:\/\/blogdorogeriogomes.com.br\/noticias\/wp-json\/wp\/v2\/posts\/15711\/revisions\/15713"}],"wp:featuredmedia":[{"embeddable":true,"href":"https:\/\/blogdorogeriogomes.com.br\/noticias\/wp-json\/wp\/v2\/media\/15712"}],"wp:attachment":[{"href":"https:\/\/blogdorogeriogomes.com.br\/noticias\/wp-json\/wp\/v2\/media?parent=15711"}],"wp:term":[{"taxonomy":"category","embeddable":true,"href":"https:\/\/blogdorogeriogomes.com.br\/noticias\/wp-json\/wp\/v2\/categories?post=15711"},{"taxonomy":"post_tag","embeddable":true,"href":"https:\/\/blogdorogeriogomes.com.br\/noticias\/wp-json\/wp\/v2\/tags?post=15711"}],"curies":[{"name":"wp","href":"https:\/\/api.w.org\/{rel}","templated":true}]}}