{"id":15714,"date":"2020-02-26T13:52:30","date_gmt":"2020-02-26T13:52:30","guid":{"rendered":"http:\/\/blogdorogeriogomes.com.br\/?p=15714"},"modified":"2020-02-27T11:06:05","modified_gmt":"2020-02-27T11:06:05","slug":"apoio-de-bolsonaro-em-video-a-ato-publico-contra-congresso-e-stf-repercute-mal-nos-meios-politico-e-juridico","status":"publish","type":"post","link":"https:\/\/blogdorogeriogomes.com.br\/noticias\/2020\/02\/apoio-de-bolsonaro-em-video-a-ato-publico-contra-congresso-e-stf-repercute-mal-nos-meios-politico-e-juridico\/","title":{"rendered":"Apoio de Bolsonaro em v\u00eddeo a ato p\u00fablico contra Congresso e STF repercute mal nos meios pol\u00edtico e jur\u00eddico"},"content":{"rendered":"\n<p>Repercute mal no meio pol\u00edtico e jur\u00eddico a iniciativa do presidente Jair Bolsonaro de ter compartilhado um v\u00eddeo em apoio a atos contra o Congresso Nacional e STF, no pr\u00f3ximo dia 15 de mar\u00e7o. A manifesta\u00e7\u00e3o \u00e9 uma resposta \u00e0s falas do general Augusto Heleno, chefe do Gabinete de Seguran\u00e7a Institucional. \u201cN\u00e3o podemos aceitar esses caras chantageando a gente. Foda-se\u201d, disse Heleno, em conversa captada durante uma solenidade no Planalto.<br>\nL\u00edderes pol\u00edticos como os ex-presidentes Lula e Fernando Henrique Cardoso e o presidente da OAB, Felipe Santa Cruz, manifestaram rep\u00fadio \u00e0 iniciativa de Bolsonaro de se insurgir contra o Congresso, em um momento que o Governo Federal precisa tanto dele para encaminhar as reformas administrativa e tribut\u00e1ria.<br>\nE a rea\u00e7\u00e3o veio mais forte do ministro do Supremo Tribunal Federal, Celso de Mello que cita crime de responsabilidade do presidente da Rep\u00fablica. Em nota, Celso de Mello disse que a a\u00e7\u00e3o de Bolsonaro contra o Congresso e STF revela &#8220;a face sombria de um presidente da Rep\u00fablica que desconhece o valor da ordem constitucional, que ignora o sentido fundamental da separa\u00e7\u00e3o de Poderes, que demonstra uma vis\u00e3o indigna de quem n\u00e3o est\u00e1 \u00e0 altura do alt\u00edssimo cargo que exerce e cujo ato de inequ\u00edvoca hostilidade aos demais Poderes da Rep\u00fablica traduz gesto de ominoso desapre\u00e7o e de inaceit\u00e1vel degrada\u00e7\u00e3o do princ\u00edpio democr\u00e1tico!!!&#8221;.<\/p>\n\n\n\n<figure class=\"wp-block-gallery columns-1 is-cropped wp-block-gallery-1 is-layout-flex wp-block-gallery-is-layout-flex\"><ul class=\"blocks-gallery-grid\"><li class=\"blocks-gallery-item\"><figure><img loading=\"lazy\" decoding=\"async\" width=\"768\" height=\"512\" src=\"http:\/\/blogdorogeriogomes.com.br\/wp-content\/uploads\/2020\/02\/15823207825e504c8e9c14a_1582320782_3x2_md.jpg\" alt=\"\" data-id=\"15715\" data-full-url=\"http:\/\/blogdorogeriogomes.com.br\/wp-content\/uploads\/2020\/02\/15823207825e504c8e9c14a_1582320782_3x2_md.jpg\" data-link=\"http:\/\/blogdorogeriogomes.com.br\/?attachment_id=15715\" class=\"wp-image-15715\" srcset=\"https:\/\/blogdorogeriogomes.com.br\/noticias\/wp-content\/uploads\/2020\/02\/15823207825e504c8e9c14a_1582320782_3x2_md.jpg 768w, https:\/\/blogdorogeriogomes.com.br\/noticias\/wp-content\/uploads\/2020\/02\/15823207825e504c8e9c14a_1582320782_3x2_md-300x200.jpg 300w\" sizes=\"auto, (max-width: 768px) 100vw, 768px\" \/><\/figure><\/li><\/ul><\/figure>\n","protected":false},"excerpt":{"rendered":"<p>Repercute mal no meio pol\u00edtico e jur\u00eddico a iniciativa do presidente Jair Bolsonaro de ter compartilhado um v\u00eddeo em apoio a atos contra o Congresso Nacional e STF, no pr\u00f3ximo dia 15 de mar\u00e7o. A manifesta\u00e7\u00e3o \u00e9 uma resposta \u00e0s falas do general Augusto Heleno, chefe do Gabinete de Seguran\u00e7a Institucional. \u201cN\u00e3o podemos aceitar esses caras chantageando a gente. Foda-se\u201d, disse Heleno, em conversa captada durante uma solenidade no Planalto. L\u00edderes pol\u00edticos como os ex-presidentes Lula e Fernando Henrique&hellip;<\/p>\n","protected":false},"author":1,"featured_media":15715,"comment_status":"open","ping_status":"open","sticky":false,"template":"","format":"standard","meta":{"footnotes":""},"categories":[1],"tags":[],"class_list":["post-15714","post","type-post","status-publish","format-standard","has-post-thumbnail","hentry","category-noticias"],"_links":{"self":[{"href":"https:\/\/blogdorogeriogomes.com.br\/noticias\/wp-json\/wp\/v2\/posts\/15714","targetHints":{"allow":["GET"]}}],"collection":[{"href":"https:\/\/blogdorogeriogomes.com.br\/noticias\/wp-json\/wp\/v2\/posts"}],"about":[{"href":"https:\/\/blogdorogeriogomes.com.br\/noticias\/wp-json\/wp\/v2\/types\/post"}],"author":[{"embeddable":true,"href":"https:\/\/blogdorogeriogomes.com.br\/noticias\/wp-json\/wp\/v2\/users\/1"}],"replies":[{"embeddable":true,"href":"https:\/\/blogdorogeriogomes.com.br\/noticias\/wp-json\/wp\/v2\/comments?post=15714"}],"version-history":[{"count":1,"href":"https:\/\/blogdorogeriogomes.com.br\/noticias\/wp-json\/wp\/v2\/posts\/15714\/revisions"}],"predecessor-version":[{"id":15716,"href":"https:\/\/blogdorogeriogomes.com.br\/noticias\/wp-json\/wp\/v2\/posts\/15714\/revisions\/15716"}],"wp:featuredmedia":[{"embeddable":true,"href":"https:\/\/blogdorogeriogomes.com.br\/noticias\/wp-json\/wp\/v2\/media\/15715"}],"wp:attachment":[{"href":"https:\/\/blogdorogeriogomes.com.br\/noticias\/wp-json\/wp\/v2\/media?parent=15714"}],"wp:term":[{"taxonomy":"category","embeddable":true,"href":"https:\/\/blogdorogeriogomes.com.br\/noticias\/wp-json\/wp\/v2\/categories?post=15714"},{"taxonomy":"post_tag","embeddable":true,"href":"https:\/\/blogdorogeriogomes.com.br\/noticias\/wp-json\/wp\/v2\/tags?post=15714"}],"curies":[{"name":"wp","href":"https:\/\/api.w.org\/{rel}","templated":true}]}}