{"id":15718,"date":"2020-02-27T10:22:05","date_gmt":"2020-02-27T10:22:05","guid":{"rendered":"http:\/\/blogdorogeriogomes.com.br\/?p=15718"},"modified":"2020-02-27T11:05:54","modified_gmt":"2020-02-27T11:05:54","slug":"oab-assume-comando-da-mediacao-entre-governo-e-policiais-militares-amotinados-no-ceara","status":"publish","type":"post","link":"https:\/\/blogdorogeriogomes.com.br\/noticias\/2020\/02\/oab-assume-comando-da-mediacao-entre-governo-e-policiais-militares-amotinados-no-ceara\/","title":{"rendered":"OAB assume comando da media\u00e7\u00e3o entre Governo e policiais militares amotinados no Cear\u00e1"},"content":{"rendered":"\n<p>O presidente da OAB &#8211; Cear\u00e1, Erinaldo Dantas (foto), assumiu a media\u00e7\u00e3o entre Governo e policiais militares em situa\u00e7\u00e3o de motim. Ele esteve no 18\u00ba Batalh\u00e3o da PM, no bairro Ant\u00f4nio Bezerra, em Fortaleza, onde funciona uma esp\u00e9cie de QG dos amotinados, e pediu que os manifestantes elaborem uma pauta&nbsp;de&nbsp;reivindica\u00e7\u00f5es para que seja&nbsp;marcada uma reuni\u00e3o com o representante do Estado. Ficou definido que o coronel do Ex\u00e9rcito, Walmir Medeiros, ser\u00e1 o interlocutor que vai intermediar as negocia\u00e7\u00f5es entre os militares e a OAB.<br>\nNesta quarta-feira, dia 26 de fevereiro, o governador Camilo Santana pediu ao Governo Federal, a prorroga\u00e7\u00e3o do decreto da Garantia da Lei da Ordem no Cear\u00e1. A medida busca a autoriza\u00e7\u00e3o da continuidade da atua\u00e7\u00e3o das For\u00e7as Armadas e da For\u00e7a Nacional de Seguran\u00e7a nas ruas, para evitar o aumento na escalada da viol\u00eancia. Do \u00faltimo dia 19 de fevereiro at\u00e9 a \u00faltima ter\u00e7a-feira, dia 25, 195 homic\u00eddios foram registrados no Cear\u00e1.&nbsp;<\/p>\n\n\n\n<figure class=\"wp-block-gallery columns-1 is-cropped wp-block-gallery-1 is-layout-flex wp-block-gallery-is-layout-flex\"><ul class=\"blocks-gallery-grid\"><li class=\"blocks-gallery-item\"><figure><img loading=\"lazy\" decoding=\"async\" width=\"1024\" height=\"583\" src=\"http:\/\/blogdorogeriogomes.com.br\/wp-content\/uploads\/2020\/02\/erinaldo-dantas-e1565990350134-1024x583.jpg\" alt=\"\" data-id=\"15719\" data-full-url=\"http:\/\/blogdorogeriogomes.com.br\/wp-content\/uploads\/2020\/02\/erinaldo-dantas-e1565990350134.jpg\" data-link=\"http:\/\/blogdorogeriogomes.com.br\/?attachment_id=15719\" class=\"wp-image-15719\" srcset=\"https:\/\/blogdorogeriogomes.com.br\/noticias\/wp-content\/uploads\/2020\/02\/erinaldo-dantas-e1565990350134-1024x583.jpg 1024w, https:\/\/blogdorogeriogomes.com.br\/noticias\/wp-content\/uploads\/2020\/02\/erinaldo-dantas-e1565990350134-300x171.jpg 300w, https:\/\/blogdorogeriogomes.com.br\/noticias\/wp-content\/uploads\/2020\/02\/erinaldo-dantas-e1565990350134-768x438.jpg 768w, https:\/\/blogdorogeriogomes.com.br\/noticias\/wp-content\/uploads\/2020\/02\/erinaldo-dantas-e1565990350134-1536x875.jpg 1536w, https:\/\/blogdorogeriogomes.com.br\/noticias\/wp-content\/uploads\/2020\/02\/erinaldo-dantas-e1565990350134-800x456.jpg 800w, https:\/\/blogdorogeriogomes.com.br\/noticias\/wp-content\/uploads\/2020\/02\/erinaldo-dantas-e1565990350134.jpg 1555w\" sizes=\"auto, (max-width: 1024px) 100vw, 1024px\" \/><\/figure><\/li><\/ul><\/figure>\n","protected":false},"excerpt":{"rendered":"<p>O presidente da OAB &#8211; Cear\u00e1, Erinaldo Dantas (foto), assumiu a media\u00e7\u00e3o entre Governo e policiais militares em situa\u00e7\u00e3o de motim. Ele esteve no 18\u00ba Batalh\u00e3o da PM, no bairro Ant\u00f4nio Bezerra, em Fortaleza, onde funciona uma esp\u00e9cie de QG dos amotinados, e pediu que os manifestantes elaborem uma pauta&nbsp;de&nbsp;reivindica\u00e7\u00f5es para que seja&nbsp;marcada uma reuni\u00e3o com o representante do Estado. Ficou definido que o coronel do Ex\u00e9rcito, Walmir Medeiros, ser\u00e1 o interlocutor que vai intermediar as negocia\u00e7\u00f5es entre os&hellip;<\/p>\n","protected":false},"author":1,"featured_media":15719,"comment_status":"open","ping_status":"open","sticky":false,"template":"","format":"standard","meta":{"footnotes":""},"categories":[1],"tags":[],"class_list":["post-15718","post","type-post","status-publish","format-standard","has-post-thumbnail","hentry","category-noticias"],"_links":{"self":[{"href":"https:\/\/blogdorogeriogomes.com.br\/noticias\/wp-json\/wp\/v2\/posts\/15718","targetHints":{"allow":["GET"]}}],"collection":[{"href":"https:\/\/blogdorogeriogomes.com.br\/noticias\/wp-json\/wp\/v2\/posts"}],"about":[{"href":"https:\/\/blogdorogeriogomes.com.br\/noticias\/wp-json\/wp\/v2\/types\/post"}],"author":[{"embeddable":true,"href":"https:\/\/blogdorogeriogomes.com.br\/noticias\/wp-json\/wp\/v2\/users\/1"}],"replies":[{"embeddable":true,"href":"https:\/\/blogdorogeriogomes.com.br\/noticias\/wp-json\/wp\/v2\/comments?post=15718"}],"version-history":[{"count":1,"href":"https:\/\/blogdorogeriogomes.com.br\/noticias\/wp-json\/wp\/v2\/posts\/15718\/revisions"}],"predecessor-version":[{"id":15720,"href":"https:\/\/blogdorogeriogomes.com.br\/noticias\/wp-json\/wp\/v2\/posts\/15718\/revisions\/15720"}],"wp:featuredmedia":[{"embeddable":true,"href":"https:\/\/blogdorogeriogomes.com.br\/noticias\/wp-json\/wp\/v2\/media\/15719"}],"wp:attachment":[{"href":"https:\/\/blogdorogeriogomes.com.br\/noticias\/wp-json\/wp\/v2\/media?parent=15718"}],"wp:term":[{"taxonomy":"category","embeddable":true,"href":"https:\/\/blogdorogeriogomes.com.br\/noticias\/wp-json\/wp\/v2\/categories?post=15718"},{"taxonomy":"post_tag","embeddable":true,"href":"https:\/\/blogdorogeriogomes.com.br\/noticias\/wp-json\/wp\/v2\/tags?post=15718"}],"curies":[{"name":"wp","href":"https:\/\/api.w.org\/{rel}","templated":true}]}}