{"id":15721,"date":"2020-02-27T10:41:47","date_gmt":"2020-02-27T10:41:47","guid":{"rendered":"http:\/\/blogdorogeriogomes.com.br\/?p=15721"},"modified":"2020-02-27T11:05:37","modified_gmt":"2020-02-27T11:05:37","slug":"ceara-investiga-novo-paciente-suspeito-de-coronavirus-e-ja-tem-plano-de-contingencia-montado","status":"publish","type":"post","link":"https:\/\/blogdorogeriogomes.com.br\/noticias\/2020\/02\/ceara-investiga-novo-paciente-suspeito-de-coronavirus-e-ja-tem-plano-de-contingencia-montado\/","title":{"rendered":"Cear\u00e1 investiga novo paciente suspeito de coronav\u00edrus e j\u00e1 tem plano de conting\u00eancia montado"},"content":{"rendered":"\n<p>Depois da confirma\u00e7\u00e3o do primeiro caso de coronav\u00edrus no Pa\u00eds, registrado em S\u00e3o Paulo, a Secretaria da Sa\u00fade do Cear\u00e1 (Sesa) redobra as aten\u00e7\u00f5es em torno da doen\u00e7a. A Sesa investiga um caso suspeito do novo coronav\u00edrus no Estado. O paciente sob an\u00e1lise esteve na It\u00e1lia e retornou a Fortaleza com sintomas de gripe. O homem apresenta um quadro de sa\u00fade est\u00e1vel e encontra-se em isolamento domiciliar.<br>\nO caso que segue em an\u00e1lise no Laborat\u00f3rio Central de Sa\u00fade P\u00fablica do Cear\u00e1 (Lacen) \u00e9 o de um m\u00e9dico de 35 anos que buscou atendimento no Hospital S\u00e3o Jos\u00e9, na Capital.<br>\nNesta quarta-feira, dia 26 de fevereiro, foi descartado um outro caso envolvendo um profissional de sa\u00fade de 29 anos, que procurou um hospital particular de Fortaleza, com sintomas da doen\u00e7a. Ele foi diagnosticado com outro tipo de gripe.<br>\nS\u00e3o considerados casos suspeitos, pacientes que apresentem febre, sintomas respirat\u00f3rios e tenham vindo de alguma \u00e1rea com transmiss\u00e3o local da nova doen\u00e7a nos \u00faltimos 14 dias. <br>\nO secret\u00e1rio de Sa\u00fade do Cear\u00e1, Dr. Cabeto, avalia que v\u00e3o surgir mais casos suspeitos do coronav\u00edrus no Cear\u00e1, na medida que a doen\u00e7a avan\u00e7a pelo mundo, mas que j\u00e1 um plano de conting\u00eancias montado no Estado para atender pacientes.<\/p>\n\n\n\n<figure class=\"wp-block-gallery columns-1 is-cropped wp-block-gallery-1 is-layout-flex wp-block-gallery-is-layout-flex\"><ul class=\"blocks-gallery-grid\"><li class=\"blocks-gallery-item\"><figure><img loading=\"lazy\" decoding=\"async\" width=\"775\" height=\"485\" src=\"http:\/\/blogdorogeriogomes.com.br\/wp-content\/uploads\/2020\/02\/banner_coletiva_coronav\u00edrus2.jpg\" alt=\"\" data-id=\"15722\" data-full-url=\"http:\/\/blogdorogeriogomes.com.br\/wp-content\/uploads\/2020\/02\/banner_coletiva_coronav\u00edrus2.jpg\" data-link=\"http:\/\/blogdorogeriogomes.com.br\/?attachment_id=15722\" class=\"wp-image-15722\" srcset=\"https:\/\/blogdorogeriogomes.com.br\/noticias\/wp-content\/uploads\/2020\/02\/banner_coletiva_coronav\u00edrus2.jpg 775w, https:\/\/blogdorogeriogomes.com.br\/noticias\/wp-content\/uploads\/2020\/02\/banner_coletiva_coronav\u00edrus2-300x188.jpg 300w, https:\/\/blogdorogeriogomes.com.br\/noticias\/wp-content\/uploads\/2020\/02\/banner_coletiva_coronav\u00edrus2-768x481.jpg 768w\" sizes=\"auto, (max-width: 775px) 100vw, 775px\" \/><\/figure><\/li><\/ul><\/figure>\n","protected":false},"excerpt":{"rendered":"<p>Depois da confirma\u00e7\u00e3o do primeiro caso de coronav\u00edrus no Pa\u00eds, registrado em S\u00e3o Paulo, a Secretaria da Sa\u00fade do Cear\u00e1 (Sesa) redobra as aten\u00e7\u00f5es em torno da doen\u00e7a. A Sesa investiga um caso suspeito do novo coronav\u00edrus no Estado. O paciente sob an\u00e1lise esteve na It\u00e1lia e retornou a Fortaleza com sintomas de gripe. O homem apresenta um quadro de sa\u00fade est\u00e1vel e encontra-se em isolamento domiciliar. O caso que segue em an\u00e1lise no Laborat\u00f3rio Central de Sa\u00fade P\u00fablica&hellip;<\/p>\n","protected":false},"author":1,"featured_media":15722,"comment_status":"open","ping_status":"open","sticky":false,"template":"","format":"standard","meta":{"footnotes":""},"categories":[1],"tags":[],"class_list":["post-15721","post","type-post","status-publish","format-standard","has-post-thumbnail","hentry","category-noticias"],"_links":{"self":[{"href":"https:\/\/blogdorogeriogomes.com.br\/noticias\/wp-json\/wp\/v2\/posts\/15721","targetHints":{"allow":["GET"]}}],"collection":[{"href":"https:\/\/blogdorogeriogomes.com.br\/noticias\/wp-json\/wp\/v2\/posts"}],"about":[{"href":"https:\/\/blogdorogeriogomes.com.br\/noticias\/wp-json\/wp\/v2\/types\/post"}],"author":[{"embeddable":true,"href":"https:\/\/blogdorogeriogomes.com.br\/noticias\/wp-json\/wp\/v2\/users\/1"}],"replies":[{"embeddable":true,"href":"https:\/\/blogdorogeriogomes.com.br\/noticias\/wp-json\/wp\/v2\/comments?post=15721"}],"version-history":[{"count":1,"href":"https:\/\/blogdorogeriogomes.com.br\/noticias\/wp-json\/wp\/v2\/posts\/15721\/revisions"}],"predecessor-version":[{"id":15723,"href":"https:\/\/blogdorogeriogomes.com.br\/noticias\/wp-json\/wp\/v2\/posts\/15721\/revisions\/15723"}],"wp:featuredmedia":[{"embeddable":true,"href":"https:\/\/blogdorogeriogomes.com.br\/noticias\/wp-json\/wp\/v2\/media\/15722"}],"wp:attachment":[{"href":"https:\/\/blogdorogeriogomes.com.br\/noticias\/wp-json\/wp\/v2\/media?parent=15721"}],"wp:term":[{"taxonomy":"category","embeddable":true,"href":"https:\/\/blogdorogeriogomes.com.br\/noticias\/wp-json\/wp\/v2\/categories?post=15721"},{"taxonomy":"post_tag","embeddable":true,"href":"https:\/\/blogdorogeriogomes.com.br\/noticias\/wp-json\/wp\/v2\/tags?post=15721"}],"curies":[{"name":"wp","href":"https:\/\/api.w.org\/{rel}","templated":true}]}}