{"id":15724,"date":"2020-02-27T20:45:21","date_gmt":"2020-02-27T20:45:21","guid":{"rendered":"http:\/\/blogdorogeriogomes.com.br\/?p=15724"},"modified":"2020-02-28T12:25:51","modified_gmt":"2020-02-28T12:25:51","slug":"sindionibus-e-etufor-vao-ampliar-beneficios-da-hora-social-em-fortaleza","status":"publish","type":"post","link":"https:\/\/blogdorogeriogomes.com.br\/noticias\/2020\/02\/sindionibus-e-etufor-vao-ampliar-beneficios-da-hora-social-em-fortaleza\/","title":{"rendered":"Sindionibus e Etufor v\u00e3o ampliar benef\u00edcios da Hora Social em Fortaleza"},"content":{"rendered":"\n<p>O usu\u00e1rio do transporte p\u00fablico em Fortaleza vai ganhar, a partir do m\u00eas de mar\u00e7o, novos benef\u00edcios no valor da tarifa. A Prefeitura de Fortaleza e o Sindicato das Empresas de Transporte Coletivo Urbano (Etufor) e Metropolitano de Passageiros do Estado do Cear\u00e1 (Sindi\u00f4nibus) v\u00e3o implantar novidades no programa Hora Social, que vai possibilitar o pagamento da passagem nos \u00f4nibus com pre\u00e7o diferenciado em hor\u00e1rios estendidos.<br>\nA Hora Social funciona, atualmente, como uma tarifa diferenciada, com desconto no valor na passagem para os usu\u00e1rios de transporte coletivo, no per\u00edodo de 9 \u00e0s 10 horas e das 15 \u00e0s 16 horas, de segunda a sexta-feira. <br>\nAs novidades ser\u00e3o apresentadas nesta sexta-feira, dia 28 de fevereiro, pelo presidente da Etufor, Antonio Ferreira, e pelo presidente do Sindi\u00f4nibus, Dimas Barreira.<\/p>\n\n\n\n<figure class=\"wp-block-gallery columns-1 is-cropped wp-block-gallery-1 is-layout-flex wp-block-gallery-is-layout-flex\"><ul class=\"blocks-gallery-grid\"><li class=\"blocks-gallery-item\"><figure><img loading=\"lazy\" decoding=\"async\" width=\"743\" height=\"413\" src=\"http:\/\/blogdorogeriogomes.com.br\/wp-content\/uploads\/2020\/02\/images-32.jpeg\" alt=\"\" data-id=\"15725\" data-full-url=\"http:\/\/blogdorogeriogomes.com.br\/wp-content\/uploads\/2020\/02\/images-32.jpeg\" data-link=\"http:\/\/blogdorogeriogomes.com.br\/?attachment_id=15725\" class=\"wp-image-15725\" srcset=\"https:\/\/blogdorogeriogomes.com.br\/noticias\/wp-content\/uploads\/2020\/02\/images-32.jpeg 743w, https:\/\/blogdorogeriogomes.com.br\/noticias\/wp-content\/uploads\/2020\/02\/images-32-300x167.jpeg 300w\" sizes=\"auto, (max-width: 743px) 100vw, 743px\" \/><\/figure><\/li><\/ul><\/figure>\n","protected":false},"excerpt":{"rendered":"<p>O usu\u00e1rio do transporte p\u00fablico em Fortaleza vai ganhar, a partir do m\u00eas de mar\u00e7o, novos benef\u00edcios no valor da tarifa. A Prefeitura de Fortaleza e o Sindicato das Empresas de Transporte Coletivo Urbano (Etufor) e Metropolitano de Passageiros do Estado do Cear\u00e1 (Sindi\u00f4nibus) v\u00e3o implantar novidades no programa Hora Social, que vai possibilitar o pagamento da passagem nos \u00f4nibus com pre\u00e7o diferenciado em hor\u00e1rios estendidos. A Hora Social funciona, atualmente, como uma tarifa diferenciada, com desconto no valor&hellip;<\/p>\n","protected":false},"author":1,"featured_media":15725,"comment_status":"open","ping_status":"open","sticky":false,"template":"","format":"standard","meta":{"footnotes":""},"categories":[1],"tags":[],"class_list":["post-15724","post","type-post","status-publish","format-standard","has-post-thumbnail","hentry","category-noticias"],"_links":{"self":[{"href":"https:\/\/blogdorogeriogomes.com.br\/noticias\/wp-json\/wp\/v2\/posts\/15724","targetHints":{"allow":["GET"]}}],"collection":[{"href":"https:\/\/blogdorogeriogomes.com.br\/noticias\/wp-json\/wp\/v2\/posts"}],"about":[{"href":"https:\/\/blogdorogeriogomes.com.br\/noticias\/wp-json\/wp\/v2\/types\/post"}],"author":[{"embeddable":true,"href":"https:\/\/blogdorogeriogomes.com.br\/noticias\/wp-json\/wp\/v2\/users\/1"}],"replies":[{"embeddable":true,"href":"https:\/\/blogdorogeriogomes.com.br\/noticias\/wp-json\/wp\/v2\/comments?post=15724"}],"version-history":[{"count":1,"href":"https:\/\/blogdorogeriogomes.com.br\/noticias\/wp-json\/wp\/v2\/posts\/15724\/revisions"}],"predecessor-version":[{"id":15726,"href":"https:\/\/blogdorogeriogomes.com.br\/noticias\/wp-json\/wp\/v2\/posts\/15724\/revisions\/15726"}],"wp:featuredmedia":[{"embeddable":true,"href":"https:\/\/blogdorogeriogomes.com.br\/noticias\/wp-json\/wp\/v2\/media\/15725"}],"wp:attachment":[{"href":"https:\/\/blogdorogeriogomes.com.br\/noticias\/wp-json\/wp\/v2\/media?parent=15724"}],"wp:term":[{"taxonomy":"category","embeddable":true,"href":"https:\/\/blogdorogeriogomes.com.br\/noticias\/wp-json\/wp\/v2\/categories?post=15724"},{"taxonomy":"post_tag","embeddable":true,"href":"https:\/\/blogdorogeriogomes.com.br\/noticias\/wp-json\/wp\/v2\/tags?post=15724"}],"curies":[{"name":"wp","href":"https:\/\/api.w.org\/{rel}","templated":true}]}}