{"id":15727,"date":"2020-02-27T20:46:59","date_gmt":"2020-02-27T20:46:59","guid":{"rendered":"http:\/\/blogdorogeriogomes.com.br\/?p=15727"},"modified":"2020-02-28T12:25:39","modified_gmt":"2020-02-28T12:25:39","slug":"prefeitura-lanca-novo-pacote-de-reforma-de-postos-de-saude-na-capital","status":"publish","type":"post","link":"https:\/\/blogdorogeriogomes.com.br\/noticias\/2020\/02\/prefeitura-lanca-novo-pacote-de-reforma-de-postos-de-saude-na-capital\/","title":{"rendered":"Prefeitura lan\u00e7a novo pacote de reforma de postos de sa\u00fade na Capital"},"content":{"rendered":"\n<p>O prefeito de Fortaleza, Roberto Cl\u00e1udio, e a secret\u00e1ria de Sa\u00fade do Munic\u00edpio, Joana Maciel, anunciam, nesta sexta-feira, dia 28 de fevereiro, um novo pacote de reforma de Postos de Sa\u00fade da Capital. O plano de reforma para as unidades de aten\u00e7\u00e3o prim\u00e1ria da Secretaria Municipal da Sa\u00fade faz parte do esfor\u00e7o de requalifica\u00e7\u00e3o da rede, hoje formada por 113 postos de sa\u00fade que prestam servi\u00e7os de aten\u00e7\u00e3o b\u00e1sica como cl\u00ednica m\u00e9dica, puericultura, assist\u00eancia farmac\u00eautica e imuniza\u00e7\u00e3o, e que funciona como a porta de entrada para o Sistema \u00danico de Sa\u00fade.<br>\nA administra\u00e7\u00e3o municipal tamb\u00e9m far\u00e1, durante a coletiva \u00e0 imprensa, um balan\u00e7o de todos os investimentos realizados at\u00e9 agora na rede p\u00fablica de sa\u00fade de Fortaleza, como a reforma e constru\u00e7\u00e3o de postos e hospitais.<\/p>\n\n\n\n<figure class=\"wp-block-gallery columns-1 is-cropped wp-block-gallery-1 is-layout-flex wp-block-gallery-is-layout-flex\"><ul class=\"blocks-gallery-grid\"><li class=\"blocks-gallery-item\"><figure><img loading=\"lazy\" decoding=\"async\" width=\"669\" height=\"386\" src=\"http:\/\/blogdorogeriogomes.com.br\/wp-content\/uploads\/2020\/02\/images-31.jpeg\" alt=\"\" data-id=\"15728\" data-full-url=\"http:\/\/blogdorogeriogomes.com.br\/wp-content\/uploads\/2020\/02\/images-31.jpeg\" data-link=\"http:\/\/blogdorogeriogomes.com.br\/?attachment_id=15728\" class=\"wp-image-15728\" srcset=\"https:\/\/blogdorogeriogomes.com.br\/noticias\/wp-content\/uploads\/2020\/02\/images-31.jpeg 669w, https:\/\/blogdorogeriogomes.com.br\/noticias\/wp-content\/uploads\/2020\/02\/images-31-300x173.jpeg 300w\" sizes=\"auto, (max-width: 669px) 100vw, 669px\" \/><\/figure><\/li><\/ul><\/figure>\n","protected":false},"excerpt":{"rendered":"<p>O prefeito de Fortaleza, Roberto Cl\u00e1udio, e a secret\u00e1ria de Sa\u00fade do Munic\u00edpio, Joana Maciel, anunciam, nesta sexta-feira, dia 28 de fevereiro, um novo pacote de reforma de Postos de Sa\u00fade da Capital. O plano de reforma para as unidades de aten\u00e7\u00e3o prim\u00e1ria da Secretaria Municipal da Sa\u00fade faz parte do esfor\u00e7o de requalifica\u00e7\u00e3o da rede, hoje formada por 113 postos de sa\u00fade que prestam servi\u00e7os de aten\u00e7\u00e3o b\u00e1sica como cl\u00ednica m\u00e9dica, puericultura, assist\u00eancia farmac\u00eautica e imuniza\u00e7\u00e3o, e que&hellip;<\/p>\n","protected":false},"author":1,"featured_media":15728,"comment_status":"open","ping_status":"open","sticky":false,"template":"","format":"standard","meta":{"footnotes":""},"categories":[1],"tags":[],"class_list":["post-15727","post","type-post","status-publish","format-standard","has-post-thumbnail","hentry","category-noticias"],"_links":{"self":[{"href":"https:\/\/blogdorogeriogomes.com.br\/noticias\/wp-json\/wp\/v2\/posts\/15727","targetHints":{"allow":["GET"]}}],"collection":[{"href":"https:\/\/blogdorogeriogomes.com.br\/noticias\/wp-json\/wp\/v2\/posts"}],"about":[{"href":"https:\/\/blogdorogeriogomes.com.br\/noticias\/wp-json\/wp\/v2\/types\/post"}],"author":[{"embeddable":true,"href":"https:\/\/blogdorogeriogomes.com.br\/noticias\/wp-json\/wp\/v2\/users\/1"}],"replies":[{"embeddable":true,"href":"https:\/\/blogdorogeriogomes.com.br\/noticias\/wp-json\/wp\/v2\/comments?post=15727"}],"version-history":[{"count":1,"href":"https:\/\/blogdorogeriogomes.com.br\/noticias\/wp-json\/wp\/v2\/posts\/15727\/revisions"}],"predecessor-version":[{"id":15729,"href":"https:\/\/blogdorogeriogomes.com.br\/noticias\/wp-json\/wp\/v2\/posts\/15727\/revisions\/15729"}],"wp:featuredmedia":[{"embeddable":true,"href":"https:\/\/blogdorogeriogomes.com.br\/noticias\/wp-json\/wp\/v2\/media\/15728"}],"wp:attachment":[{"href":"https:\/\/blogdorogeriogomes.com.br\/noticias\/wp-json\/wp\/v2\/media?parent=15727"}],"wp:term":[{"taxonomy":"category","embeddable":true,"href":"https:\/\/blogdorogeriogomes.com.br\/noticias\/wp-json\/wp\/v2\/categories?post=15727"},{"taxonomy":"post_tag","embeddable":true,"href":"https:\/\/blogdorogeriogomes.com.br\/noticias\/wp-json\/wp\/v2\/tags?post=15727"}],"curies":[{"name":"wp","href":"https:\/\/api.w.org\/{rel}","templated":true}]}}