{"id":15730,"date":"2020-02-28T10:56:44","date_gmt":"2020-02-28T10:56:44","guid":{"rendered":"http:\/\/blogdorogeriogomes.com.br\/?p=15730"},"modified":"2020-02-28T12:25:26","modified_gmt":"2020-02-28T12:25:26","slug":"impasse-entre-governo-e-pms-amotinados-continua-prisao-de-43-policiais-e-mantida-pela-justica","status":"publish","type":"post","link":"https:\/\/blogdorogeriogomes.com.br\/noticias\/2020\/02\/impasse-entre-governo-e-pms-amotinados-continua-prisao-de-43-policiais-e-mantida-pela-justica\/","title":{"rendered":"Impasse entre Governo e PMs amotinados continua. Pris\u00e3o de 43 policiais \u00e9 mantida pela Justi\u00e7a"},"content":{"rendered":"\n<p>Decis\u00e3o do juiz Roberto Soares Bulc\u00e3o Coutinho manteve a pris\u00e3o de 43 PMs do Cear\u00e1 envolvidos em motins. A pris\u00e3o em flagrante dos agentes foi convertida em pris\u00e3o preventiva, ap\u00f3s audi\u00eancia de cust\u00f3dia. Nesta sexta-feira, dia 28 de fevereiro, o motim dos policiais militares chegou ao 11\u00b0 dia. <br>\nReuni\u00f5es entre a comiss\u00e3o formada por Governo, Assembleia, Minist\u00e9rio P\u00fablico e OAB com o representante dos amotinados ainda n\u00e3o chegaram a um acordo. Os PMs querem anistia geral dos crimes militares e aumento na proposta salarial j\u00e1 oferecida pelo Estado.<br>\nDiante do impasse, a seguran\u00e7a nas ruas vem sendo refor\u00e7ada pelas For\u00e7as Armadas, mas a GLO &#8211; Garantia da Lei e da Ordem termina nesta sexta-feira. A perman\u00eancia do Ex\u00e9rcito e da For\u00e7a Nacional de Seguran\u00e7a ainda \u00e9 incerta. Em live realizada nesta quinta-feira, dia 27, o presidente Jair Bolsonaro se saiu com esta: &#8220;A gente espera que o Governo resolva o problema da Pol\u00edcia Militar do Cear\u00e1 e bote um ponto final nessa quest\u00e3o. GLO n\u00e3o \u00e9 para ficar eternamente atendendo um ou mais governadores&#8221;. Como se o Governo do Cear\u00e1 j\u00e1 n\u00e3o estivesse negociando desde antes do motim.<br>\nBolsonaro acaba colocando ainda mais press\u00e3o sobre governadores de outros 11 estados brasileiros que est\u00e3o em negocia\u00e7\u00e3o salarial com militares. Em Minas Gerais, o governador Romeu Zema (Novo) est\u00e1 concedendo um aumento de 42% para os PMs com o caixa do Estado totalmente quebrado. N\u00e3o pagou nem o 13\u00b0 do funcionalismo em 2019. Como vai garantir o cumprimento do reajuste?<br>\nSe a situa\u00e7\u00e3o de motins se espalhar pelo Pa\u00eds, a\u00ed sim, vamos acompanhar um caos. O alto \u00edndice de homic\u00eddios ocorridos no Cear\u00e1, desde que se iniciou o movimento dos amotinados, est\u00e1 a\u00ed pra comprovar.<\/p>\n\n\n\n<figure class=\"wp-block-gallery columns-1 is-cropped wp-block-gallery-1 is-layout-flex wp-block-gallery-is-layout-flex\"><ul class=\"blocks-gallery-grid\"><li class=\"blocks-gallery-item\"><figure><img loading=\"lazy\" decoding=\"async\" width=\"678\" height=\"452\" src=\"http:\/\/blogdorogeriogomes.com.br\/wp-content\/uploads\/2020\/02\/images-33.jpeg\" alt=\"\" data-id=\"15731\" data-full-url=\"http:\/\/blogdorogeriogomes.com.br\/wp-content\/uploads\/2020\/02\/images-33.jpeg\" data-link=\"http:\/\/blogdorogeriogomes.com.br\/?attachment_id=15731\" class=\"wp-image-15731\" srcset=\"https:\/\/blogdorogeriogomes.com.br\/noticias\/wp-content\/uploads\/2020\/02\/images-33.jpeg 678w, https:\/\/blogdorogeriogomes.com.br\/noticias\/wp-content\/uploads\/2020\/02\/images-33-300x200.jpeg 300w\" sizes=\"auto, (max-width: 678px) 100vw, 678px\" \/><\/figure><\/li><\/ul><\/figure>\n","protected":false},"excerpt":{"rendered":"<p>Decis\u00e3o do juiz Roberto Soares Bulc\u00e3o Coutinho manteve a pris\u00e3o de 43 PMs do Cear\u00e1 envolvidos em motins. A pris\u00e3o em flagrante dos agentes foi convertida em pris\u00e3o preventiva, ap\u00f3s audi\u00eancia de cust\u00f3dia. Nesta sexta-feira, dia 28 de fevereiro, o motim dos policiais militares chegou ao 11\u00b0 dia. Reuni\u00f5es entre a comiss\u00e3o formada por Governo, Assembleia, Minist\u00e9rio P\u00fablico e OAB com o representante dos amotinados ainda n\u00e3o chegaram a um acordo. Os PMs querem anistia geral dos crimes militares&hellip;<\/p>\n","protected":false},"author":1,"featured_media":15731,"comment_status":"open","ping_status":"open","sticky":false,"template":"","format":"standard","meta":{"footnotes":""},"categories":[1],"tags":[],"class_list":["post-15730","post","type-post","status-publish","format-standard","has-post-thumbnail","hentry","category-noticias"],"_links":{"self":[{"href":"https:\/\/blogdorogeriogomes.com.br\/noticias\/wp-json\/wp\/v2\/posts\/15730","targetHints":{"allow":["GET"]}}],"collection":[{"href":"https:\/\/blogdorogeriogomes.com.br\/noticias\/wp-json\/wp\/v2\/posts"}],"about":[{"href":"https:\/\/blogdorogeriogomes.com.br\/noticias\/wp-json\/wp\/v2\/types\/post"}],"author":[{"embeddable":true,"href":"https:\/\/blogdorogeriogomes.com.br\/noticias\/wp-json\/wp\/v2\/users\/1"}],"replies":[{"embeddable":true,"href":"https:\/\/blogdorogeriogomes.com.br\/noticias\/wp-json\/wp\/v2\/comments?post=15730"}],"version-history":[{"count":1,"href":"https:\/\/blogdorogeriogomes.com.br\/noticias\/wp-json\/wp\/v2\/posts\/15730\/revisions"}],"predecessor-version":[{"id":15732,"href":"https:\/\/blogdorogeriogomes.com.br\/noticias\/wp-json\/wp\/v2\/posts\/15730\/revisions\/15732"}],"wp:featuredmedia":[{"embeddable":true,"href":"https:\/\/blogdorogeriogomes.com.br\/noticias\/wp-json\/wp\/v2\/media\/15731"}],"wp:attachment":[{"href":"https:\/\/blogdorogeriogomes.com.br\/noticias\/wp-json\/wp\/v2\/media?parent=15730"}],"wp:term":[{"taxonomy":"category","embeddable":true,"href":"https:\/\/blogdorogeriogomes.com.br\/noticias\/wp-json\/wp\/v2\/categories?post=15730"},{"taxonomy":"post_tag","embeddable":true,"href":"https:\/\/blogdorogeriogomes.com.br\/noticias\/wp-json\/wp\/v2\/tags?post=15730"}],"curies":[{"name":"wp","href":"https:\/\/api.w.org\/{rel}","templated":true}]}}