{"id":15736,"date":"2020-02-28T19:25:38","date_gmt":"2020-02-28T19:25:38","guid":{"rendered":"http:\/\/blogdorogeriogomes.com.br\/?p=15736"},"modified":"2020-03-02T10:29:06","modified_gmt":"2020-03-02T10:29:06","slug":"forcas-armadas-ficam-no-ceara-por-mais-uma-semana-comissao-continua-buscando-acordo-com-pms","status":"publish","type":"post","link":"https:\/\/blogdorogeriogomes.com.br\/noticias\/2020\/02\/forcas-armadas-ficam-no-ceara-por-mais-uma-semana-comissao-continua-buscando-acordo-com-pms\/","title":{"rendered":"For\u00e7as Armadas ficam no Cear\u00e1 por mais uma semana. Comiss\u00e3o continua buscando acordo com PMs"},"content":{"rendered":"\n<p>Depois que os governadores do Rio de Janeiro, Bahia, Piau\u00ed e do Maranh\u00e3o ofereceram o envio de policiais militares para fazer a seguran\u00e7a no Cear\u00e1, o presidente Jair Bolsonaro decidiu, finalmente, prorrogar por mais uma semana a opera\u00e7\u00e3o de Garantia da Lei e da Ordem (GLO) no Cear\u00e1. Como ainda n\u00e3o se chegou a um acordo entre Governo e amotinados, a presen\u00e7a do Ex\u00e9rcito e For\u00e7a Nacional nas ruas \u00e9 fundamental para tentar conter o aumento na viol\u00eancia.<br>\nO Governo do Cear\u00e1 reafirma que n\u00e3o h\u00e1 nenhuma possibilidade de conceder anistia aos PMs que cometeram crimes militares durante o motim. A Procuradoria do Estado, no entanto, garante que todos v\u00e3o responder aos processos administrativos, amparados por Lei, com todo o direito a ampla defesa. N\u00e3o haver\u00e1 qualquer tipo de expuls\u00e3o sum\u00e1ria de ningu\u00e9m.<br>\nA comiss\u00e3o do Governo, Assembleia, OAB e Minist\u00e9rio descartou a continuidade das negocia\u00e7\u00f5es com o ex-deputado federal Cabo Sabino, que tem tomado a frente do movimento dos PMS. A alega\u00e7\u00e3o \u00e9 que o ex-parlamentar responde a processo administrativo e n\u00e3o possui legitimidade para integrar a mesa de negocia\u00e7\u00f5es. Os amotinados precisam escolher outro representante legal.<\/p>\n\n\n\n<figure class=\"wp-block-image size-large\"><img loading=\"lazy\" decoding=\"async\" width=\"450\" height=\"337\" src=\"http:\/\/blogdorogeriogomes.com.br\/wp-content\/uploads\/2020\/02\/images-6-1.jpeg\" alt=\"\" class=\"wp-image-15737\" srcset=\"https:\/\/blogdorogeriogomes.com.br\/noticias\/wp-content\/uploads\/2020\/02\/images-6-1.jpeg 450w, https:\/\/blogdorogeriogomes.com.br\/noticias\/wp-content\/uploads\/2020\/02\/images-6-1-300x225.jpeg 300w, https:\/\/blogdorogeriogomes.com.br\/noticias\/wp-content\/uploads\/2020\/02\/images-6-1-400x300.jpeg 400w\" sizes=\"auto, (max-width: 450px) 100vw, 450px\" \/><\/figure>\n","protected":false},"excerpt":{"rendered":"<p>Depois que os governadores do Rio de Janeiro, Bahia, Piau\u00ed e do Maranh\u00e3o ofereceram o envio de policiais militares para fazer a seguran\u00e7a no Cear\u00e1, o presidente Jair Bolsonaro decidiu, finalmente, prorrogar por mais uma semana a opera\u00e7\u00e3o de Garantia da Lei e da Ordem (GLO) no Cear\u00e1. Como ainda n\u00e3o se chegou a um acordo entre Governo e amotinados, a presen\u00e7a do Ex\u00e9rcito e For\u00e7a Nacional nas ruas \u00e9 fundamental para tentar conter o aumento na viol\u00eancia. O&hellip;<\/p>\n","protected":false},"author":1,"featured_media":15737,"comment_status":"open","ping_status":"open","sticky":false,"template":"","format":"standard","meta":{"footnotes":""},"categories":[1],"tags":[],"class_list":["post-15736","post","type-post","status-publish","format-standard","has-post-thumbnail","hentry","category-noticias"],"_links":{"self":[{"href":"https:\/\/blogdorogeriogomes.com.br\/noticias\/wp-json\/wp\/v2\/posts\/15736","targetHints":{"allow":["GET"]}}],"collection":[{"href":"https:\/\/blogdorogeriogomes.com.br\/noticias\/wp-json\/wp\/v2\/posts"}],"about":[{"href":"https:\/\/blogdorogeriogomes.com.br\/noticias\/wp-json\/wp\/v2\/types\/post"}],"author":[{"embeddable":true,"href":"https:\/\/blogdorogeriogomes.com.br\/noticias\/wp-json\/wp\/v2\/users\/1"}],"replies":[{"embeddable":true,"href":"https:\/\/blogdorogeriogomes.com.br\/noticias\/wp-json\/wp\/v2\/comments?post=15736"}],"version-history":[{"count":1,"href":"https:\/\/blogdorogeriogomes.com.br\/noticias\/wp-json\/wp\/v2\/posts\/15736\/revisions"}],"predecessor-version":[{"id":15738,"href":"https:\/\/blogdorogeriogomes.com.br\/noticias\/wp-json\/wp\/v2\/posts\/15736\/revisions\/15738"}],"wp:featuredmedia":[{"embeddable":true,"href":"https:\/\/blogdorogeriogomes.com.br\/noticias\/wp-json\/wp\/v2\/media\/15737"}],"wp:attachment":[{"href":"https:\/\/blogdorogeriogomes.com.br\/noticias\/wp-json\/wp\/v2\/media?parent=15736"}],"wp:term":[{"taxonomy":"category","embeddable":true,"href":"https:\/\/blogdorogeriogomes.com.br\/noticias\/wp-json\/wp\/v2\/categories?post=15736"},{"taxonomy":"post_tag","embeddable":true,"href":"https:\/\/blogdorogeriogomes.com.br\/noticias\/wp-json\/wp\/v2\/tags?post=15736"}],"curies":[{"name":"wp","href":"https:\/\/api.w.org\/{rel}","templated":true}]}}