{"id":15739,"date":"2020-02-28T22:51:57","date_gmt":"2020-02-28T22:51:57","guid":{"rendered":"http:\/\/blogdorogeriogomes.com.br\/?p=15739"},"modified":"2020-03-02T10:28:50","modified_gmt":"2020-03-02T10:28:50","slug":"deputados-estaduais-sao-convocados-para-sessao-extraordinaria-neste-sabado-para-votar-pec-que-proibe-anistia-de-pms","status":"publish","type":"post","link":"https:\/\/blogdorogeriogomes.com.br\/noticias\/2020\/02\/deputados-estaduais-sao-convocados-para-sessao-extraordinaria-neste-sabado-para-votar-pec-que-proibe-anistia-de-pms\/","title":{"rendered":"Deputados estaduais s\u00e3o convocados para sess\u00e3o extraordin\u00e1ria neste s\u00e1bado para votar PEC que pro\u00edbe anistia de PMs"},"content":{"rendered":"\n<p>O presidente da Assembleia Legislativa do Cear\u00e1, Jos\u00e9 Sarto, convocou os deputados estaduais para uma sess\u00e3o extraordin\u00e1ria neste s\u00e1bado, dia 29 de fevereiro, para an\u00e1lise de uma Proposta de Emenda \u00e0 Constitui\u00e7\u00e3o (PEC) que pro\u00edbe a concess\u00e3o de anistia a policiais militares envolvidos em motins. A mensagem do Executivo foi enviada pelo governador do Cear\u00e1, Camilo Santana, o que confirma a determina\u00e7\u00e3o de n\u00e3o dar qualquer anistia aos PMs que est\u00e3o amotinados em quart\u00e9is do Estado h\u00e1 mais de 10 dias.<br>\nA tramita\u00e7\u00e3o da mensagem se dar\u00e1 em regime de urg\u00eancia. De acordo com a mensagem governamental, a &#8220;medida se faz imperiosa diante da gravidade e dos preju\u00edzos que tais movimentos, ileg\u00edtimos por natureza, acarretam para toda a sociedade cearense, em evidente desrespeito \u00e0 ordem jur\u00eddica e constitucional&#8221;. <\/p>\n\n\n\n<figure class=\"wp-block-gallery columns-1 is-cropped wp-block-gallery-1 is-layout-flex wp-block-gallery-is-layout-flex\"><ul class=\"blocks-gallery-grid\"><li class=\"blocks-gallery-item\"><figure><img loading=\"lazy\" decoding=\"async\" width=\"1024\" height=\"696\" src=\"http:\/\/blogdorogeriogomes.com.br\/wp-content\/uploads\/2020\/02\/Sarto_2-1024x696.jpg\" alt=\"\" data-id=\"15740\" data-full-url=\"http:\/\/blogdorogeriogomes.com.br\/wp-content\/uploads\/2020\/02\/Sarto_2.jpg\" data-link=\"http:\/\/blogdorogeriogomes.com.br\/?attachment_id=15740\" class=\"wp-image-15740\" srcset=\"https:\/\/blogdorogeriogomes.com.br\/noticias\/wp-content\/uploads\/2020\/02\/Sarto_2-1024x696.jpg 1024w, https:\/\/blogdorogeriogomes.com.br\/noticias\/wp-content\/uploads\/2020\/02\/Sarto_2-300x204.jpg 300w, https:\/\/blogdorogeriogomes.com.br\/noticias\/wp-content\/uploads\/2020\/02\/Sarto_2-768x522.jpg 768w, https:\/\/blogdorogeriogomes.com.br\/noticias\/wp-content\/uploads\/2020\/02\/Sarto_2-800x544.jpg 800w, https:\/\/blogdorogeriogomes.com.br\/noticias\/wp-content\/uploads\/2020\/02\/Sarto_2.jpg 1074w\" sizes=\"auto, (max-width: 1024px) 100vw, 1024px\" \/><\/figure><\/li><\/ul><\/figure>\n","protected":false},"excerpt":{"rendered":"<p>O presidente da Assembleia Legislativa do Cear\u00e1, Jos\u00e9 Sarto, convocou os deputados estaduais para uma sess\u00e3o extraordin\u00e1ria neste s\u00e1bado, dia 29 de fevereiro, para an\u00e1lise de uma Proposta de Emenda \u00e0 Constitui\u00e7\u00e3o (PEC) que pro\u00edbe a concess\u00e3o de anistia a policiais militares envolvidos em motins. A mensagem do Executivo foi enviada pelo governador do Cear\u00e1, Camilo Santana, o que confirma a determina\u00e7\u00e3o de n\u00e3o dar qualquer anistia aos PMs que est\u00e3o amotinados em quart\u00e9is do Estado h\u00e1 mais de&hellip;<\/p>\n","protected":false},"author":1,"featured_media":15740,"comment_status":"open","ping_status":"open","sticky":false,"template":"","format":"standard","meta":{"footnotes":""},"categories":[1],"tags":[],"class_list":["post-15739","post","type-post","status-publish","format-standard","has-post-thumbnail","hentry","category-noticias"],"_links":{"self":[{"href":"https:\/\/blogdorogeriogomes.com.br\/noticias\/wp-json\/wp\/v2\/posts\/15739","targetHints":{"allow":["GET"]}}],"collection":[{"href":"https:\/\/blogdorogeriogomes.com.br\/noticias\/wp-json\/wp\/v2\/posts"}],"about":[{"href":"https:\/\/blogdorogeriogomes.com.br\/noticias\/wp-json\/wp\/v2\/types\/post"}],"author":[{"embeddable":true,"href":"https:\/\/blogdorogeriogomes.com.br\/noticias\/wp-json\/wp\/v2\/users\/1"}],"replies":[{"embeddable":true,"href":"https:\/\/blogdorogeriogomes.com.br\/noticias\/wp-json\/wp\/v2\/comments?post=15739"}],"version-history":[{"count":1,"href":"https:\/\/blogdorogeriogomes.com.br\/noticias\/wp-json\/wp\/v2\/posts\/15739\/revisions"}],"predecessor-version":[{"id":15741,"href":"https:\/\/blogdorogeriogomes.com.br\/noticias\/wp-json\/wp\/v2\/posts\/15739\/revisions\/15741"}],"wp:featuredmedia":[{"embeddable":true,"href":"https:\/\/blogdorogeriogomes.com.br\/noticias\/wp-json\/wp\/v2\/media\/15740"}],"wp:attachment":[{"href":"https:\/\/blogdorogeriogomes.com.br\/noticias\/wp-json\/wp\/v2\/media?parent=15739"}],"wp:term":[{"taxonomy":"category","embeddable":true,"href":"https:\/\/blogdorogeriogomes.com.br\/noticias\/wp-json\/wp\/v2\/categories?post=15739"},{"taxonomy":"post_tag","embeddable":true,"href":"https:\/\/blogdorogeriogomes.com.br\/noticias\/wp-json\/wp\/v2\/tags?post=15739"}],"curies":[{"name":"wp","href":"https:\/\/api.w.org\/{rel}","templated":true}]}}