{"id":15745,"date":"2020-03-01T11:57:32","date_gmt":"2020-03-01T11:57:32","guid":{"rendered":"http:\/\/blogdorogeriogomes.com.br\/?p=15745"},"modified":"2020-03-02T10:28:19","modified_gmt":"2020-03-02T10:28:19","slug":"assembleia-deve-votar-na-terca-feira-a-mensagem-que-proibe-anistia-de-pms-amotinados-comissao-tem-nova-reuniao-neste-domingo","status":"publish","type":"post","link":"https:\/\/blogdorogeriogomes.com.br\/noticias\/2020\/03\/assembleia-deve-votar-na-terca-feira-a-mensagem-que-proibe-anistia-de-pms-amotinados-comissao-tem-nova-reuniao-neste-domingo\/","title":{"rendered":"Assembleia deve votar na ter\u00e7a-feira a mensagem que pro\u00edbe anistia de PMs amotinados. Comiss\u00e3o tem nova reuni\u00e3o neste domingo"},"content":{"rendered":"\n<p>Devido ao pedido de vistas do deputado estadual Andr\u00e9 Fernandes (PSL), durante reuni\u00e3o da Comiss\u00e3o de Constitui\u00e7\u00e3o, Justi\u00e7a e Reda\u00e7\u00e3o, a Assembleia Legislativa do Cear\u00e1 s\u00f3 deve votar na ter\u00e7a-feira, dia 3 de mar\u00e7o, a mensagem governamental que trata da proibi\u00e7\u00e3o de anistia de policiais militares amotinados.<br>\nNeste domingo, dia 1\u00b0 de mar\u00e7o, haver\u00e1 uma nova reuni\u00e3o da comiss\u00e3o formada por Governo, Assembleia, Minist\u00e9rio P\u00fablico e OAB em busca de uma solu\u00e7\u00e3o para o movimento dos PMs. Como j\u00e1 est\u00e1 claro que o Governo n\u00e3o vai conceder qualquer tipo de anistia para quem cometeu crime militar, a OAB est\u00e1 propondo uma forma de abrandar a puni\u00e7\u00e3o apenas para PMs que faltaram ao servi\u00e7o, mas n\u00e3o participaram de atos de vandalismo ao patrim\u00f4nio p\u00fablico.<br>\nO problema continua sendo a falta de interlocutor pelo lado dos PMs amotinados. O coronel reformado do Ex\u00e9rcito, Walmir Medeiros, que vinha cumprindo a miss\u00e3o, j\u00e1 foi desautorizado pelos amotinados. O Cabo Sabino n\u00e3o \u00e9 aceito na comiss\u00e3o por estar respondendo a processo disciplinar e com pris\u00e3o preventiva em aberto. <br>\nO que chama a aten\u00e7\u00e3o, no momento, \u00e9 o apoio de governadores de todo o Pa\u00eds em rela\u00e7\u00e3o ao conflito no Cear\u00e1. Todos est\u00e3o preocupados com uma solu\u00e7\u00e3o para a negocia\u00e7\u00e3o salarial dos PMs, a fim de que esse tipo de motim n\u00e3o venha a se espalhar por outros estados.<\/p>\n\n\n\n<figure class=\"wp-block-gallery columns-1 is-cropped wp-block-gallery-1 is-layout-flex wp-block-gallery-is-layout-flex\"><ul class=\"blocks-gallery-grid\"><li class=\"blocks-gallery-item\"><figure><img loading=\"lazy\" decoding=\"async\" width=\"900\" height=\"600\" src=\"http:\/\/blogdorogeriogomes.com.br\/wp-content\/uploads\/2020\/03\/67a4aa42542cba08f305253129f6e232_XL.jpg\" alt=\"\" data-id=\"15746\" data-full-url=\"http:\/\/blogdorogeriogomes.com.br\/wp-content\/uploads\/2020\/03\/67a4aa42542cba08f305253129f6e232_XL.jpg\" data-link=\"http:\/\/blogdorogeriogomes.com.br\/?attachment_id=15746\" class=\"wp-image-15746\" srcset=\"https:\/\/blogdorogeriogomes.com.br\/noticias\/wp-content\/uploads\/2020\/03\/67a4aa42542cba08f305253129f6e232_XL.jpg 900w, https:\/\/blogdorogeriogomes.com.br\/noticias\/wp-content\/uploads\/2020\/03\/67a4aa42542cba08f305253129f6e232_XL-300x200.jpg 300w, https:\/\/blogdorogeriogomes.com.br\/noticias\/wp-content\/uploads\/2020\/03\/67a4aa42542cba08f305253129f6e232_XL-768x512.jpg 768w, https:\/\/blogdorogeriogomes.com.br\/noticias\/wp-content\/uploads\/2020\/03\/67a4aa42542cba08f305253129f6e232_XL-800x533.jpg 800w\" sizes=\"auto, (max-width: 900px) 100vw, 900px\" \/><\/figure><\/li><\/ul><\/figure>\n","protected":false},"excerpt":{"rendered":"<p>Devido ao pedido de vistas do deputado estadual Andr\u00e9 Fernandes (PSL), durante reuni\u00e3o da Comiss\u00e3o de Constitui\u00e7\u00e3o, Justi\u00e7a e Reda\u00e7\u00e3o, a Assembleia Legislativa do Cear\u00e1 s\u00f3 deve votar na ter\u00e7a-feira, dia 3 de mar\u00e7o, a mensagem governamental que trata da proibi\u00e7\u00e3o de anistia de policiais militares amotinados. Neste domingo, dia 1\u00b0 de mar\u00e7o, haver\u00e1 uma nova reuni\u00e3o da comiss\u00e3o formada por Governo, Assembleia, Minist\u00e9rio P\u00fablico e OAB em busca de uma solu\u00e7\u00e3o para o movimento dos PMs. Como j\u00e1&hellip;<\/p>\n","protected":false},"author":1,"featured_media":15746,"comment_status":"open","ping_status":"open","sticky":false,"template":"","format":"standard","meta":{"footnotes":""},"categories":[1],"tags":[],"class_list":["post-15745","post","type-post","status-publish","format-standard","has-post-thumbnail","hentry","category-noticias"],"_links":{"self":[{"href":"https:\/\/blogdorogeriogomes.com.br\/noticias\/wp-json\/wp\/v2\/posts\/15745","targetHints":{"allow":["GET"]}}],"collection":[{"href":"https:\/\/blogdorogeriogomes.com.br\/noticias\/wp-json\/wp\/v2\/posts"}],"about":[{"href":"https:\/\/blogdorogeriogomes.com.br\/noticias\/wp-json\/wp\/v2\/types\/post"}],"author":[{"embeddable":true,"href":"https:\/\/blogdorogeriogomes.com.br\/noticias\/wp-json\/wp\/v2\/users\/1"}],"replies":[{"embeddable":true,"href":"https:\/\/blogdorogeriogomes.com.br\/noticias\/wp-json\/wp\/v2\/comments?post=15745"}],"version-history":[{"count":1,"href":"https:\/\/blogdorogeriogomes.com.br\/noticias\/wp-json\/wp\/v2\/posts\/15745\/revisions"}],"predecessor-version":[{"id":15747,"href":"https:\/\/blogdorogeriogomes.com.br\/noticias\/wp-json\/wp\/v2\/posts\/15745\/revisions\/15747"}],"wp:featuredmedia":[{"embeddable":true,"href":"https:\/\/blogdorogeriogomes.com.br\/noticias\/wp-json\/wp\/v2\/media\/15746"}],"wp:attachment":[{"href":"https:\/\/blogdorogeriogomes.com.br\/noticias\/wp-json\/wp\/v2\/media?parent=15745"}],"wp:term":[{"taxonomy":"category","embeddable":true,"href":"https:\/\/blogdorogeriogomes.com.br\/noticias\/wp-json\/wp\/v2\/categories?post=15745"},{"taxonomy":"post_tag","embeddable":true,"href":"https:\/\/blogdorogeriogomes.com.br\/noticias\/wp-json\/wp\/v2\/tags?post=15745"}],"curies":[{"name":"wp","href":"https:\/\/api.w.org\/{rel}","templated":true}]}}