{"id":15748,"date":"2020-03-02T00:45:02","date_gmt":"2020-03-02T00:45:02","guid":{"rendered":"http:\/\/blogdorogeriogomes.com.br\/?p=15748"},"modified":"2020-03-02T10:28:01","modified_gmt":"2020-03-02T10:28:01","slug":"assembleia-de-pms-em-fortaleza-decide-por-fim-ao-motim-no-ceara-apos-13-dias","status":"publish","type":"post","link":"https:\/\/blogdorogeriogomes.com.br\/noticias\/2020\/03\/assembleia-de-pms-em-fortaleza-decide-por-fim-ao-motim-no-ceara-apos-13-dias\/","title":{"rendered":"Assembleia de PMs em Fortaleza decide por fim ao motim no Cear\u00e1 ap\u00f3s 13 dias"},"content":{"rendered":"\n<p>Acabou o motim da PM do Cear\u00e1. Policiais militares, que estavam amotinados no 18\u00b0 Batalh\u00e3o da PM, no bairro Ant\u00f4nio Bezerra, em Fortaleza, decidiram em assembleia, na noite deste domingo, dia 1\u00b0 de mar\u00e7o, dar fim ao movimento de paralisa\u00e7\u00e3o que chegava ao 13\u00b0 dia. Eles aceitaram a proposta apresentada pela comiss\u00e3o de negocia\u00e7\u00e3o formada por representantes do Governo, Assembleia Legislativa, Minist\u00e9rio P\u00fablico e OAB.<br>\nO acerto entre amotinados e comiss\u00e3o n\u00e3o envolve anistia aos PMs, mas o abrandamento das san\u00e7\u00f5es aplicadas aos soldados que participaram do movimento. Os quart\u00e9is ocupados j\u00e1 devem ser liberados a partir de hoje e os policiais, que aderiram \u00e0 paralisa\u00e7\u00e3o, devem voltar a se reapresentar ao servi\u00e7o, partir desta segunda-feira, dia 2 de mar\u00e7o.<\/p>\n\n\n\n<figure class=\"wp-block-gallery columns-1 is-cropped wp-block-gallery-1 is-layout-flex wp-block-gallery-is-layout-flex\"><ul class=\"blocks-gallery-grid\"><li class=\"blocks-gallery-item\"><figure><img loading=\"lazy\" decoding=\"async\" width=\"679\" height=\"452\" src=\"http:\/\/blogdorogeriogomes.com.br\/wp-content\/uploads\/2020\/03\/images-35.jpeg\" alt=\"\" data-id=\"15749\" data-full-url=\"http:\/\/blogdorogeriogomes.com.br\/wp-content\/uploads\/2020\/03\/images-35.jpeg\" data-link=\"http:\/\/blogdorogeriogomes.com.br\/?attachment_id=15749\" class=\"wp-image-15749\" srcset=\"https:\/\/blogdorogeriogomes.com.br\/noticias\/wp-content\/uploads\/2020\/03\/images-35.jpeg 679w, https:\/\/blogdorogeriogomes.com.br\/noticias\/wp-content\/uploads\/2020\/03\/images-35-300x200.jpeg 300w\" sizes=\"auto, (max-width: 679px) 100vw, 679px\" \/><\/figure><\/li><\/ul><\/figure>\n","protected":false},"excerpt":{"rendered":"<p>Acabou o motim da PM do Cear\u00e1. Policiais militares, que estavam amotinados no 18\u00b0 Batalh\u00e3o da PM, no bairro Ant\u00f4nio Bezerra, em Fortaleza, decidiram em assembleia, na noite deste domingo, dia 1\u00b0 de mar\u00e7o, dar fim ao movimento de paralisa\u00e7\u00e3o que chegava ao 13\u00b0 dia. Eles aceitaram a proposta apresentada pela comiss\u00e3o de negocia\u00e7\u00e3o formada por representantes do Governo, Assembleia Legislativa, Minist\u00e9rio P\u00fablico e OAB. O acerto entre amotinados e comiss\u00e3o n\u00e3o envolve anistia aos PMs, mas o abrandamento&hellip;<\/p>\n","protected":false},"author":1,"featured_media":15749,"comment_status":"open","ping_status":"open","sticky":false,"template":"","format":"standard","meta":{"footnotes":""},"categories":[1],"tags":[],"class_list":["post-15748","post","type-post","status-publish","format-standard","has-post-thumbnail","hentry","category-noticias"],"_links":{"self":[{"href":"https:\/\/blogdorogeriogomes.com.br\/noticias\/wp-json\/wp\/v2\/posts\/15748","targetHints":{"allow":["GET"]}}],"collection":[{"href":"https:\/\/blogdorogeriogomes.com.br\/noticias\/wp-json\/wp\/v2\/posts"}],"about":[{"href":"https:\/\/blogdorogeriogomes.com.br\/noticias\/wp-json\/wp\/v2\/types\/post"}],"author":[{"embeddable":true,"href":"https:\/\/blogdorogeriogomes.com.br\/noticias\/wp-json\/wp\/v2\/users\/1"}],"replies":[{"embeddable":true,"href":"https:\/\/blogdorogeriogomes.com.br\/noticias\/wp-json\/wp\/v2\/comments?post=15748"}],"version-history":[{"count":1,"href":"https:\/\/blogdorogeriogomes.com.br\/noticias\/wp-json\/wp\/v2\/posts\/15748\/revisions"}],"predecessor-version":[{"id":15750,"href":"https:\/\/blogdorogeriogomes.com.br\/noticias\/wp-json\/wp\/v2\/posts\/15748\/revisions\/15750"}],"wp:featuredmedia":[{"embeddable":true,"href":"https:\/\/blogdorogeriogomes.com.br\/noticias\/wp-json\/wp\/v2\/media\/15749"}],"wp:attachment":[{"href":"https:\/\/blogdorogeriogomes.com.br\/noticias\/wp-json\/wp\/v2\/media?parent=15748"}],"wp:term":[{"taxonomy":"category","embeddable":true,"href":"https:\/\/blogdorogeriogomes.com.br\/noticias\/wp-json\/wp\/v2\/categories?post=15748"},{"taxonomy":"post_tag","embeddable":true,"href":"https:\/\/blogdorogeriogomes.com.br\/noticias\/wp-json\/wp\/v2\/tags?post=15748"}],"curies":[{"name":"wp","href":"https:\/\/api.w.org\/{rel}","templated":true}]}}