{"id":15751,"date":"2020-03-02T09:45:30","date_gmt":"2020-03-02T09:45:30","guid":{"rendered":"http:\/\/blogdorogeriogomes.com.br\/?p=15751"},"modified":"2020-03-02T10:27:38","modified_gmt":"2020-03-02T10:27:38","slug":"secretaria-de-educacao-vai-iniciar-instalacao-de-cameras-de-seguranca-em-escolas-de-fortaleza","status":"publish","type":"post","link":"https:\/\/blogdorogeriogomes.com.br\/noticias\/2020\/03\/secretaria-de-educacao-vai-iniciar-instalacao-de-cameras-de-seguranca-em-escolas-de-fortaleza\/","title":{"rendered":"Secretaria de Educa\u00e7\u00e3o vai iniciar instala\u00e7\u00e3o de c\u00e2meras de seguran\u00e7a em escolas de Fortaleza"},"content":{"rendered":"\n<p>A Secretaria Municipal de Educa\u00e7\u00e3o inicia a implanta\u00e7\u00e3o, a partir deste m\u00eas de mar\u00e7o, de cerca de 38 mil c\u00e2meras de seguran\u00e7a em escolas p\u00fablicas de Fortaleza. A ideia \u00e9 refor\u00e7ar a seguran\u00e7a de alunos e funcion\u00e1rios. Em mar\u00e7o, as primeiras 60 escolas come\u00e7am a ter os equipamentos instalados.<br>\nA Prefeitura de Fortaleza pretende instalar o sistema de videomonitoramento nas 573 unidades de Ensino Fundamental e Centros de Educa\u00e7\u00e3o Infantil, que comp\u00f5em a rede municipal. <br>\nO investimento para a instala\u00e7\u00e3o do circuito fechado de TV nas unidades escolares da Capital est\u00e1 or\u00e7ado em R$ 3 milh\u00f5es e 900 mil reais. <\/p>\n\n\n\n<figure class=\"wp-block-gallery columns-1 is-cropped wp-block-gallery-1 is-layout-flex wp-block-gallery-is-layout-flex\"><ul class=\"blocks-gallery-grid\"><li class=\"blocks-gallery-item\"><figure><img loading=\"lazy\" decoding=\"async\" width=\"600\" height=\"400\" src=\"http:\/\/blogdorogeriogomes.com.br\/wp-content\/uploads\/2020\/03\/Cmera-em-Sala-de-Aula.jpg\" alt=\"\" data-id=\"15752\" data-full-url=\"http:\/\/blogdorogeriogomes.com.br\/wp-content\/uploads\/2020\/03\/Cmera-em-Sala-de-Aula.jpg\" data-link=\"http:\/\/blogdorogeriogomes.com.br\/?attachment_id=15752\" class=\"wp-image-15752\" srcset=\"https:\/\/blogdorogeriogomes.com.br\/noticias\/wp-content\/uploads\/2020\/03\/Cmera-em-Sala-de-Aula.jpg 600w, https:\/\/blogdorogeriogomes.com.br\/noticias\/wp-content\/uploads\/2020\/03\/Cmera-em-Sala-de-Aula-300x200.jpg 300w\" sizes=\"auto, (max-width: 600px) 100vw, 600px\" \/><\/figure><\/li><\/ul><\/figure>\n","protected":false},"excerpt":{"rendered":"<p>A Secretaria Municipal de Educa\u00e7\u00e3o inicia a implanta\u00e7\u00e3o, a partir deste m\u00eas de mar\u00e7o, de cerca de 38 mil c\u00e2meras de seguran\u00e7a em escolas p\u00fablicas de Fortaleza. A ideia \u00e9 refor\u00e7ar a seguran\u00e7a de alunos e funcion\u00e1rios. Em mar\u00e7o, as primeiras 60 escolas come\u00e7am a ter os equipamentos instalados. A Prefeitura de Fortaleza pretende instalar o sistema de videomonitoramento nas 573 unidades de Ensino Fundamental e Centros de Educa\u00e7\u00e3o Infantil, que comp\u00f5em a rede municipal. O investimento para a&hellip;<\/p>\n","protected":false},"author":1,"featured_media":15752,"comment_status":"open","ping_status":"open","sticky":false,"template":"","format":"standard","meta":{"footnotes":""},"categories":[1],"tags":[],"class_list":["post-15751","post","type-post","status-publish","format-standard","has-post-thumbnail","hentry","category-noticias"],"_links":{"self":[{"href":"https:\/\/blogdorogeriogomes.com.br\/noticias\/wp-json\/wp\/v2\/posts\/15751","targetHints":{"allow":["GET"]}}],"collection":[{"href":"https:\/\/blogdorogeriogomes.com.br\/noticias\/wp-json\/wp\/v2\/posts"}],"about":[{"href":"https:\/\/blogdorogeriogomes.com.br\/noticias\/wp-json\/wp\/v2\/types\/post"}],"author":[{"embeddable":true,"href":"https:\/\/blogdorogeriogomes.com.br\/noticias\/wp-json\/wp\/v2\/users\/1"}],"replies":[{"embeddable":true,"href":"https:\/\/blogdorogeriogomes.com.br\/noticias\/wp-json\/wp\/v2\/comments?post=15751"}],"version-history":[{"count":1,"href":"https:\/\/blogdorogeriogomes.com.br\/noticias\/wp-json\/wp\/v2\/posts\/15751\/revisions"}],"predecessor-version":[{"id":15753,"href":"https:\/\/blogdorogeriogomes.com.br\/noticias\/wp-json\/wp\/v2\/posts\/15751\/revisions\/15753"}],"wp:featuredmedia":[{"embeddable":true,"href":"https:\/\/blogdorogeriogomes.com.br\/noticias\/wp-json\/wp\/v2\/media\/15752"}],"wp:attachment":[{"href":"https:\/\/blogdorogeriogomes.com.br\/noticias\/wp-json\/wp\/v2\/media?parent=15751"}],"wp:term":[{"taxonomy":"category","embeddable":true,"href":"https:\/\/blogdorogeriogomes.com.br\/noticias\/wp-json\/wp\/v2\/categories?post=15751"},{"taxonomy":"post_tag","embeddable":true,"href":"https:\/\/blogdorogeriogomes.com.br\/noticias\/wp-json\/wp\/v2\/tags?post=15751"}],"curies":[{"name":"wp","href":"https:\/\/api.w.org\/{rel}","templated":true}]}}