{"id":15754,"date":"2020-03-02T10:22:31","date_gmt":"2020-03-02T10:22:31","guid":{"rendered":"http:\/\/blogdorogeriogomes.com.br\/?p=15754"},"modified":"2020-03-02T10:27:19","modified_gmt":"2020-03-02T10:27:19","slug":"piso-salarial-dos-agentes-comunitarios-do-estado-e-reajustado-para-r-1-400-retroativo-a-janeiro","status":"publish","type":"post","link":"https:\/\/blogdorogeriogomes.com.br\/noticias\/2020\/03\/piso-salarial-dos-agentes-comunitarios-do-estado-e-reajustado-para-r-1-400-retroativo-a-janeiro\/","title":{"rendered":"Piso salarial dos agentes comunit\u00e1rios do Estado \u00e9 reajustado para R$ 1.400 retroativo a janeiro"},"content":{"rendered":"\n<p>O piso salarial dos agentes comunit\u00e1rios de sa\u00fade ligados ao Estado passa a ser de R$ 1.400,00 , retroativo a 1\u00b0de janeiro deste ano. O reajuste proposto pelo Governo do Cear\u00e1 foi aprovado pelos deputados estaduais e comemorado por representantes da categoria na Assembleia Legislativa do Cear\u00e1, na tarde do \u00faltimo s\u00e1bado, dia 29 de fevereiro, em sess\u00e3o extraordin\u00e1ria. Ap\u00f3s a aprova\u00e7\u00e3o pelos parlamentares, o novo piso ser\u00e1 sancionado pelo governador Camilo Santana.<br>\nNo Cear\u00e1, s\u00e3o cerca de 14.600 agentes comunit\u00e1rios de sa\u00fade, profissionais que diariamente visitam as resid\u00eancias em v\u00e1rios munic\u00edpios cearenses.<\/p>\n\n\n\n<figure class=\"wp-block-gallery columns-1 is-cropped wp-block-gallery-1 is-layout-flex wp-block-gallery-is-layout-flex\"><ul class=\"blocks-gallery-grid\"><li class=\"blocks-gallery-item\"><figure><img loading=\"lazy\" decoding=\"async\" width=\"1024\" height=\"683\" src=\"http:\/\/blogdorogeriogomes.com.br\/wp-content\/uploads\/2020\/03\/190417_SANCAO-LEI-ACS_TS1747-1-1200x800-1-1024x683.jpg\" alt=\"\" data-id=\"15755\" data-full-url=\"http:\/\/blogdorogeriogomes.com.br\/wp-content\/uploads\/2020\/03\/190417_SANCAO-LEI-ACS_TS1747-1-1200x800-1.jpg\" data-link=\"http:\/\/blogdorogeriogomes.com.br\/?attachment_id=15755\" class=\"wp-image-15755\" srcset=\"https:\/\/blogdorogeriogomes.com.br\/noticias\/wp-content\/uploads\/2020\/03\/190417_SANCAO-LEI-ACS_TS1747-1-1200x800-1-1024x683.jpg 1024w, https:\/\/blogdorogeriogomes.com.br\/noticias\/wp-content\/uploads\/2020\/03\/190417_SANCAO-LEI-ACS_TS1747-1-1200x800-1-300x200.jpg 300w, https:\/\/blogdorogeriogomes.com.br\/noticias\/wp-content\/uploads\/2020\/03\/190417_SANCAO-LEI-ACS_TS1747-1-1200x800-1-768x512.jpg 768w, https:\/\/blogdorogeriogomes.com.br\/noticias\/wp-content\/uploads\/2020\/03\/190417_SANCAO-LEI-ACS_TS1747-1-1200x800-1-800x533.jpg 800w, https:\/\/blogdorogeriogomes.com.br\/noticias\/wp-content\/uploads\/2020\/03\/190417_SANCAO-LEI-ACS_TS1747-1-1200x800-1.jpg 1200w\" sizes=\"auto, (max-width: 1024px) 100vw, 1024px\" \/><\/figure><\/li><\/ul><\/figure>\n","protected":false},"excerpt":{"rendered":"<p>O piso salarial dos agentes comunit\u00e1rios de sa\u00fade ligados ao Estado passa a ser de R$ 1.400,00 , retroativo a 1\u00b0de janeiro deste ano. O reajuste proposto pelo Governo do Cear\u00e1 foi aprovado pelos deputados estaduais e comemorado por representantes da categoria na Assembleia Legislativa do Cear\u00e1, na tarde do \u00faltimo s\u00e1bado, dia 29 de fevereiro, em sess\u00e3o extraordin\u00e1ria. Ap\u00f3s a aprova\u00e7\u00e3o pelos parlamentares, o novo piso ser\u00e1 sancionado pelo governador Camilo Santana. No Cear\u00e1, s\u00e3o cerca de 14.600&hellip;<\/p>\n","protected":false},"author":1,"featured_media":15755,"comment_status":"open","ping_status":"open","sticky":false,"template":"","format":"standard","meta":{"footnotes":""},"categories":[1],"tags":[],"class_list":["post-15754","post","type-post","status-publish","format-standard","has-post-thumbnail","hentry","category-noticias"],"_links":{"self":[{"href":"https:\/\/blogdorogeriogomes.com.br\/noticias\/wp-json\/wp\/v2\/posts\/15754","targetHints":{"allow":["GET"]}}],"collection":[{"href":"https:\/\/blogdorogeriogomes.com.br\/noticias\/wp-json\/wp\/v2\/posts"}],"about":[{"href":"https:\/\/blogdorogeriogomes.com.br\/noticias\/wp-json\/wp\/v2\/types\/post"}],"author":[{"embeddable":true,"href":"https:\/\/blogdorogeriogomes.com.br\/noticias\/wp-json\/wp\/v2\/users\/1"}],"replies":[{"embeddable":true,"href":"https:\/\/blogdorogeriogomes.com.br\/noticias\/wp-json\/wp\/v2\/comments?post=15754"}],"version-history":[{"count":1,"href":"https:\/\/blogdorogeriogomes.com.br\/noticias\/wp-json\/wp\/v2\/posts\/15754\/revisions"}],"predecessor-version":[{"id":15756,"href":"https:\/\/blogdorogeriogomes.com.br\/noticias\/wp-json\/wp\/v2\/posts\/15754\/revisions\/15756"}],"wp:featuredmedia":[{"embeddable":true,"href":"https:\/\/blogdorogeriogomes.com.br\/noticias\/wp-json\/wp\/v2\/media\/15755"}],"wp:attachment":[{"href":"https:\/\/blogdorogeriogomes.com.br\/noticias\/wp-json\/wp\/v2\/media?parent=15754"}],"wp:term":[{"taxonomy":"category","embeddable":true,"href":"https:\/\/blogdorogeriogomes.com.br\/noticias\/wp-json\/wp\/v2\/categories?post=15754"},{"taxonomy":"post_tag","embeddable":true,"href":"https:\/\/blogdorogeriogomes.com.br\/noticias\/wp-json\/wp\/v2\/tags?post=15754"}],"curies":[{"name":"wp","href":"https:\/\/api.w.org\/{rel}","templated":true}]}}