{"id":15757,"date":"2020-03-02T23:51:49","date_gmt":"2020-03-02T23:51:49","guid":{"rendered":"http:\/\/blogdorogeriogomes.com.br\/?p=15757"},"modified":"2020-03-03T10:30:19","modified_gmt":"2020-03-03T10:30:19","slug":"exercito-e-forca-nacional-ainda-ficam-nas-ruas-do-ceara-ate-sexta-feira-diz-camilo","status":"publish","type":"post","link":"https:\/\/blogdorogeriogomes.com.br\/noticias\/2020\/03\/exercito-e-forca-nacional-ainda-ficam-nas-ruas-do-ceara-ate-sexta-feira-diz-camilo\/","title":{"rendered":"Ex\u00e9rcito e For\u00e7a Nacional ainda ficam nas ruas do Cear\u00e1 at\u00e9 sexta-feira, diz Camilo"},"content":{"rendered":"\n<p>O governador do Cear\u00e1, Camilo Santana, deu uma entrevista coletiva, nesta segunda-feira, dia 2 de mar\u00e7o, para fazer uma avalia\u00e7\u00e3o dos 13 dias de motim de policiais militares no Estado. Ele confirmou a presen\u00e7a do Ex\u00e9rcito e da For\u00e7a Nacional de Seguran\u00e7a nas ruas at\u00e9 sexta-feira, dia 6 de mar\u00e7o. &#8220;\u00c9 importante que que o Ex\u00e9rcito permane\u00e7a nesse momento de transi\u00e7\u00e3o e que se restabele\u00e7a a normalidade&#8221;, disse. Aos poucos, todo o efetivo da PM vai retornando ao trabalho na Capital e interior.<br>\nCamilo n\u00e3o descarta mudan\u00e7as no setor da seguran\u00e7a p\u00fablica ap\u00f3s o motim que provocou a ocorr\u00eancia de pelo menos 164 homic\u00eddios no Cear\u00e1. Ele criticou a &#8220;partidariza\u00e7\u00e3o da pol\u00edcia&#8221; durante o movimento. &#8220;Houve um momento que se misturou pol\u00edtica partid\u00e1ria com pol\u00edcia. Observe, todas as lideran\u00e7as desses movimentos possuem mandatos, outros s\u00e3o filiados a partidos. Isso \u00e9 grave e esse debate precisa ser feito a n\u00edvel nacional, pois n\u00e3o acontece apenas no Cear\u00e1&#8221;.<br>\nNesta segunda-feira, a Justi\u00e7a determinou a soltura de 46 PMs que estavam presos, acusados de participa\u00e7\u00e3o direta no motim. Outros 230 policiais foram afastados por 120 dias enquanto s\u00e3o investigados. Neste per\u00edodo, ficam sem receber sal\u00e1rios.<br>\nEm tempo: \u00e9 de se lamentar, com o fim do motim da PM, ver pol\u00edticos na esfera federal e estadual tentando trazer para si, o m\u00e9rito pelo encerramento do movimento. Um conflito onde, principalmente, a sociedade perdeu com os assassinatos e a falta de seguran\u00e7a. Em uma situa\u00e7\u00e3o dessas, n\u00e3o h\u00e1 vitoriosos, mas pode haver muito aprendizado dos dois lados: Governo e policiais.<\/p>\n\n\n\n<figure class=\"wp-block-gallery columns-1 is-cropped wp-block-gallery-1 is-layout-flex wp-block-gallery-is-layout-flex\"><ul class=\"blocks-gallery-grid\"><li class=\"blocks-gallery-item\"><figure><img loading=\"lazy\" decoding=\"async\" width=\"1024\" height=\"684\" src=\"http:\/\/blogdorogeriogomes.com.br\/wp-content\/uploads\/2020\/03\/WhatsApp-Image-2020-03-02-at-17.57.51-1200x802-1-1024x684.jpeg\" alt=\"\" data-id=\"15758\" data-full-url=\"http:\/\/blogdorogeriogomes.com.br\/wp-content\/uploads\/2020\/03\/WhatsApp-Image-2020-03-02-at-17.57.51-1200x802-1.jpeg\" data-link=\"http:\/\/blogdorogeriogomes.com.br\/?attachment_id=15758\" class=\"wp-image-15758\" srcset=\"https:\/\/blogdorogeriogomes.com.br\/noticias\/wp-content\/uploads\/2020\/03\/WhatsApp-Image-2020-03-02-at-17.57.51-1200x802-1-1024x684.jpeg 1024w, https:\/\/blogdorogeriogomes.com.br\/noticias\/wp-content\/uploads\/2020\/03\/WhatsApp-Image-2020-03-02-at-17.57.51-1200x802-1-300x201.jpeg 300w, https:\/\/blogdorogeriogomes.com.br\/noticias\/wp-content\/uploads\/2020\/03\/WhatsApp-Image-2020-03-02-at-17.57.51-1200x802-1-768x513.jpeg 768w, https:\/\/blogdorogeriogomes.com.br\/noticias\/wp-content\/uploads\/2020\/03\/WhatsApp-Image-2020-03-02-at-17.57.51-1200x802-1-800x535.jpeg 800w, https:\/\/blogdorogeriogomes.com.br\/noticias\/wp-content\/uploads\/2020\/03\/WhatsApp-Image-2020-03-02-at-17.57.51-1200x802-1.jpeg 1200w\" sizes=\"auto, (max-width: 1024px) 100vw, 1024px\" \/><\/figure><\/li><\/ul><\/figure>\n","protected":false},"excerpt":{"rendered":"<p>O governador do Cear\u00e1, Camilo Santana, deu uma entrevista coletiva, nesta segunda-feira, dia 2 de mar\u00e7o, para fazer uma avalia\u00e7\u00e3o dos 13 dias de motim de policiais militares no Estado. Ele confirmou a presen\u00e7a do Ex\u00e9rcito e da For\u00e7a Nacional de Seguran\u00e7a nas ruas at\u00e9 sexta-feira, dia 6 de mar\u00e7o. &#8220;\u00c9 importante que que o Ex\u00e9rcito permane\u00e7a nesse momento de transi\u00e7\u00e3o e que se restabele\u00e7a a normalidade&#8221;, disse. Aos poucos, todo o efetivo da PM vai retornando ao trabalho&hellip;<\/p>\n","protected":false},"author":1,"featured_media":15758,"comment_status":"open","ping_status":"open","sticky":false,"template":"","format":"standard","meta":{"footnotes":""},"categories":[1],"tags":[],"class_list":["post-15757","post","type-post","status-publish","format-standard","has-post-thumbnail","hentry","category-noticias"],"_links":{"self":[{"href":"https:\/\/blogdorogeriogomes.com.br\/noticias\/wp-json\/wp\/v2\/posts\/15757","targetHints":{"allow":["GET"]}}],"collection":[{"href":"https:\/\/blogdorogeriogomes.com.br\/noticias\/wp-json\/wp\/v2\/posts"}],"about":[{"href":"https:\/\/blogdorogeriogomes.com.br\/noticias\/wp-json\/wp\/v2\/types\/post"}],"author":[{"embeddable":true,"href":"https:\/\/blogdorogeriogomes.com.br\/noticias\/wp-json\/wp\/v2\/users\/1"}],"replies":[{"embeddable":true,"href":"https:\/\/blogdorogeriogomes.com.br\/noticias\/wp-json\/wp\/v2\/comments?post=15757"}],"version-history":[{"count":1,"href":"https:\/\/blogdorogeriogomes.com.br\/noticias\/wp-json\/wp\/v2\/posts\/15757\/revisions"}],"predecessor-version":[{"id":15759,"href":"https:\/\/blogdorogeriogomes.com.br\/noticias\/wp-json\/wp\/v2\/posts\/15757\/revisions\/15759"}],"wp:featuredmedia":[{"embeddable":true,"href":"https:\/\/blogdorogeriogomes.com.br\/noticias\/wp-json\/wp\/v2\/media\/15758"}],"wp:attachment":[{"href":"https:\/\/blogdorogeriogomes.com.br\/noticias\/wp-json\/wp\/v2\/media?parent=15757"}],"wp:term":[{"taxonomy":"category","embeddable":true,"href":"https:\/\/blogdorogeriogomes.com.br\/noticias\/wp-json\/wp\/v2\/categories?post=15757"},{"taxonomy":"post_tag","embeddable":true,"href":"https:\/\/blogdorogeriogomes.com.br\/noticias\/wp-json\/wp\/v2\/tags?post=15757"}],"curies":[{"name":"wp","href":"https:\/\/api.w.org\/{rel}","templated":true}]}}