{"id":15760,"date":"2020-03-03T00:21:08","date_gmt":"2020-03-03T00:21:08","guid":{"rendered":"http:\/\/blogdorogeriogomes.com.br\/?p=15760"},"modified":"2020-03-03T10:30:02","modified_gmt":"2020-03-03T10:30:02","slug":"lula-recebe-titulo-de-cidadao-honorario-de-paris-e-bate-duro-na-politica-social-e-ambiental-de-bolsonaro","status":"publish","type":"post","link":"https:\/\/blogdorogeriogomes.com.br\/noticias\/2020\/03\/lula-recebe-titulo-de-cidadao-honorario-de-paris-e-bate-duro-na-politica-social-e-ambiental-de-bolsonaro\/","title":{"rendered":"Lula recebe t\u00edtulo de cidad\u00e3o honor\u00e1rio de Paris e bate duro na pol\u00edtica social e ambiental de Bolsonaro"},"content":{"rendered":"\n<p>Enquanto o ex-ministro Ciro Gomes, o ministro da Justi\u00e7a e Seguran\u00e7a P\u00fablica, Sergio Moro, e o presidente Jair Bolsonaro proporcionaram bate-boca nas redes sociais, nesta segunda-feira, dia 2 de mar\u00e7o, em torno de responsabilidades no motim da PM no Cear\u00e1, o ex-presidente Lula recebeu o t\u00edtulo de cidad\u00e3o honor\u00e1rio de Paris, das m\u00e3os da prefeita da Capital francesa, Anne Hidalgo. Na Fran\u00e7a, Lula n\u00e3o perdeu a oportunidade de denunciar a pol\u00edtica de desmontes sociais do atual governo federal, al\u00e9m do descaso na \u00e1rea do meio ambiente, criticado em todo o mundo <br> &#8220;\u00c9 meu dever falar em nome de milh\u00f5es de fam\u00edlias de agricultores, das popula\u00e7\u00f5es que vivem \u00e0 margem dos rios e nas florestas, dos ind\u00edgenas e dos povos da Amaz\u00f4nia, para denunciar a deliberada destrui\u00e7\u00e3o das fontes de vida em nosso pa\u00eds, por causa das pol\u00edticas irrespons\u00e1veis e criminosas de um governo que amea\u00e7a o planeta&#8221;,&nbsp;disse o ex-presidente.<\/p>\n\n\n\n<figure class=\"wp-block-gallery columns-1 is-cropped wp-block-gallery-1 is-layout-flex wp-block-gallery-is-layout-flex\"><ul class=\"blocks-gallery-grid\"><li class=\"blocks-gallery-item\"><figure><img loading=\"lazy\" decoding=\"async\" width=\"828\" height=\"471\" src=\"http:\/\/blogdorogeriogomes.com.br\/wp-content\/uploads\/2020\/03\/lula-paris.jpeg\" alt=\"\" data-id=\"15761\" data-full-url=\"http:\/\/blogdorogeriogomes.com.br\/wp-content\/uploads\/2020\/03\/lula-paris.jpeg\" data-link=\"http:\/\/blogdorogeriogomes.com.br\/?attachment_id=15761\" class=\"wp-image-15761\" srcset=\"https:\/\/blogdorogeriogomes.com.br\/noticias\/wp-content\/uploads\/2020\/03\/lula-paris.jpeg 828w, https:\/\/blogdorogeriogomes.com.br\/noticias\/wp-content\/uploads\/2020\/03\/lula-paris-300x171.jpeg 300w, https:\/\/blogdorogeriogomes.com.br\/noticias\/wp-content\/uploads\/2020\/03\/lula-paris-768x437.jpeg 768w, https:\/\/blogdorogeriogomes.com.br\/noticias\/wp-content\/uploads\/2020\/03\/lula-paris-800x455.jpeg 800w\" sizes=\"auto, (max-width: 828px) 100vw, 828px\" \/><\/figure><\/li><\/ul><\/figure>\n","protected":false},"excerpt":{"rendered":"<p>Enquanto o ex-ministro Ciro Gomes, o ministro da Justi\u00e7a e Seguran\u00e7a P\u00fablica, Sergio Moro, e o presidente Jair Bolsonaro proporcionaram bate-boca nas redes sociais, nesta segunda-feira, dia 2 de mar\u00e7o, em torno de responsabilidades no motim da PM no Cear\u00e1, o ex-presidente Lula recebeu o t\u00edtulo de cidad\u00e3o honor\u00e1rio de Paris, das m\u00e3os da prefeita da Capital francesa, Anne Hidalgo. Na Fran\u00e7a, Lula n\u00e3o perdeu a oportunidade de denunciar a pol\u00edtica de desmontes sociais do atual governo federal, al\u00e9m&hellip;<\/p>\n","protected":false},"author":1,"featured_media":15761,"comment_status":"open","ping_status":"open","sticky":false,"template":"","format":"standard","meta":{"footnotes":""},"categories":[1],"tags":[],"class_list":["post-15760","post","type-post","status-publish","format-standard","has-post-thumbnail","hentry","category-noticias"],"_links":{"self":[{"href":"https:\/\/blogdorogeriogomes.com.br\/noticias\/wp-json\/wp\/v2\/posts\/15760","targetHints":{"allow":["GET"]}}],"collection":[{"href":"https:\/\/blogdorogeriogomes.com.br\/noticias\/wp-json\/wp\/v2\/posts"}],"about":[{"href":"https:\/\/blogdorogeriogomes.com.br\/noticias\/wp-json\/wp\/v2\/types\/post"}],"author":[{"embeddable":true,"href":"https:\/\/blogdorogeriogomes.com.br\/noticias\/wp-json\/wp\/v2\/users\/1"}],"replies":[{"embeddable":true,"href":"https:\/\/blogdorogeriogomes.com.br\/noticias\/wp-json\/wp\/v2\/comments?post=15760"}],"version-history":[{"count":2,"href":"https:\/\/blogdorogeriogomes.com.br\/noticias\/wp-json\/wp\/v2\/posts\/15760\/revisions"}],"predecessor-version":[{"id":15769,"href":"https:\/\/blogdorogeriogomes.com.br\/noticias\/wp-json\/wp\/v2\/posts\/15760\/revisions\/15769"}],"wp:featuredmedia":[{"embeddable":true,"href":"https:\/\/blogdorogeriogomes.com.br\/noticias\/wp-json\/wp\/v2\/media\/15761"}],"wp:attachment":[{"href":"https:\/\/blogdorogeriogomes.com.br\/noticias\/wp-json\/wp\/v2\/media?parent=15760"}],"wp:term":[{"taxonomy":"category","embeddable":true,"href":"https:\/\/blogdorogeriogomes.com.br\/noticias\/wp-json\/wp\/v2\/categories?post=15760"},{"taxonomy":"post_tag","embeddable":true,"href":"https:\/\/blogdorogeriogomes.com.br\/noticias\/wp-json\/wp\/v2\/tags?post=15760"}],"curies":[{"name":"wp","href":"https:\/\/api.w.org\/{rel}","templated":true}]}}