{"id":15770,"date":"2020-03-03T19:02:19","date_gmt":"2020-03-03T19:02:19","guid":{"rendered":"http:\/\/blogdorogeriogomes.com.br\/?p=15770"},"modified":"2020-03-04T11:56:23","modified_gmt":"2020-03-04T11:56:23","slug":"prefeitura-de-fortaleza-espera-dobrar-estacoes-do-bicicletar-ate-o-mes-de-julho","status":"publish","type":"post","link":"https:\/\/blogdorogeriogomes.com.br\/noticias\/2020\/03\/prefeitura-de-fortaleza-espera-dobrar-estacoes-do-bicicletar-ate-o-mes-de-julho\/","title":{"rendered":"Prefeitura de Fortaleza espera dobrar esta\u00e7\u00f5es do Bicicletar at\u00e9 o m\u00eas de julho"},"content":{"rendered":"\n<p>O prefeito de Fortaleza, Roberto Cl\u00e1udio, entregou, nesta ter\u00e7a-feira, dia 3 de mar\u00e7o, o quarto lote de sete novas esta\u00e7\u00f5es do Bicicletar, finalizando a primeira fase de expans\u00e3o do sistema. Com a entrega, que aconteceu no Mercado S\u00e3o Sebasti\u00e3o, Fortaleza passa a contar com um total de 112 esta\u00e7\u00f5es.<br>\nAt\u00e9 o final deste semestre, Fortaleza passar\u00e1 das atuais 112 esta\u00e7\u00f5es do Bicicletar para 210. As novas 130 esta\u00e7\u00f5es ser\u00e3o custeadas com recursos municipais da arrecada\u00e7\u00e3o da Zona Azul e as 80 esta\u00e7\u00f5es que j\u00e1 existiam at\u00e9 dezembro de 2019 permanecem sendo patrocinadas pela Unimed Fortaleza.<\/p>\n\n\n\n<figure class=\"wp-block-gallery columns-1 is-cropped wp-block-gallery-1 is-layout-flex wp-block-gallery-is-layout-flex\"><ul class=\"blocks-gallery-grid\"><li class=\"blocks-gallery-item\"><figure><img loading=\"lazy\" decoding=\"async\" width=\"1024\" height=\"602\" src=\"http:\/\/blogdorogeriogomes.com.br\/wp-content\/uploads\/2020\/03\/Entrega-novas-esta\u00e7\u00f5es-Bicicletar-S\u00e3o-Sebasti\u00e3o-0303_Marcos-Moura-1-1024x602.jpg\" alt=\"\" data-id=\"15771\" data-full-url=\"http:\/\/blogdorogeriogomes.com.br\/wp-content\/uploads\/2020\/03\/Entrega-novas-esta\u00e7\u00f5es-Bicicletar-S\u00e3o-Sebasti\u00e3o-0303_Marcos-Moura-1-scaled.jpg\" data-link=\"http:\/\/blogdorogeriogomes.com.br\/?attachment_id=15771\" class=\"wp-image-15771\" srcset=\"https:\/\/blogdorogeriogomes.com.br\/noticias\/wp-content\/uploads\/2020\/03\/Entrega-novas-esta\u00e7\u00f5es-Bicicletar-S\u00e3o-Sebasti\u00e3o-0303_Marcos-Moura-1-1024x602.jpg 1024w, https:\/\/blogdorogeriogomes.com.br\/noticias\/wp-content\/uploads\/2020\/03\/Entrega-novas-esta\u00e7\u00f5es-Bicicletar-S\u00e3o-Sebasti\u00e3o-0303_Marcos-Moura-1-300x176.jpg 300w, https:\/\/blogdorogeriogomes.com.br\/noticias\/wp-content\/uploads\/2020\/03\/Entrega-novas-esta\u00e7\u00f5es-Bicicletar-S\u00e3o-Sebasti\u00e3o-0303_Marcos-Moura-1-768x451.jpg 768w, https:\/\/blogdorogeriogomes.com.br\/noticias\/wp-content\/uploads\/2020\/03\/Entrega-novas-esta\u00e7\u00f5es-Bicicletar-S\u00e3o-Sebasti\u00e3o-0303_Marcos-Moura-1-1536x902.jpg 1536w, https:\/\/blogdorogeriogomes.com.br\/noticias\/wp-content\/uploads\/2020\/03\/Entrega-novas-esta\u00e7\u00f5es-Bicicletar-S\u00e3o-Sebasti\u00e3o-0303_Marcos-Moura-1-2048x1203.jpg 2048w, https:\/\/blogdorogeriogomes.com.br\/noticias\/wp-content\/uploads\/2020\/03\/Entrega-novas-esta\u00e7\u00f5es-Bicicletar-S\u00e3o-Sebasti\u00e3o-0303_Marcos-Moura-1-800x470.jpg 800w\" sizes=\"auto, (max-width: 1024px) 100vw, 1024px\" \/><\/figure><\/li><\/ul><\/figure>\n","protected":false},"excerpt":{"rendered":"<p>O prefeito de Fortaleza, Roberto Cl\u00e1udio, entregou, nesta ter\u00e7a-feira, dia 3 de mar\u00e7o, o quarto lote de sete novas esta\u00e7\u00f5es do Bicicletar, finalizando a primeira fase de expans\u00e3o do sistema. Com a entrega, que aconteceu no Mercado S\u00e3o Sebasti\u00e3o, Fortaleza passa a contar com um total de 112 esta\u00e7\u00f5es. At\u00e9 o final deste semestre, Fortaleza passar\u00e1 das atuais 112 esta\u00e7\u00f5es do Bicicletar para 210. As novas 130 esta\u00e7\u00f5es ser\u00e3o custeadas com recursos municipais da arrecada\u00e7\u00e3o da Zona Azul e&hellip;<\/p>\n","protected":false},"author":1,"featured_media":15771,"comment_status":"open","ping_status":"open","sticky":false,"template":"","format":"standard","meta":{"footnotes":""},"categories":[1],"tags":[],"class_list":["post-15770","post","type-post","status-publish","format-standard","has-post-thumbnail","hentry","category-noticias"],"_links":{"self":[{"href":"https:\/\/blogdorogeriogomes.com.br\/noticias\/wp-json\/wp\/v2\/posts\/15770","targetHints":{"allow":["GET"]}}],"collection":[{"href":"https:\/\/blogdorogeriogomes.com.br\/noticias\/wp-json\/wp\/v2\/posts"}],"about":[{"href":"https:\/\/blogdorogeriogomes.com.br\/noticias\/wp-json\/wp\/v2\/types\/post"}],"author":[{"embeddable":true,"href":"https:\/\/blogdorogeriogomes.com.br\/noticias\/wp-json\/wp\/v2\/users\/1"}],"replies":[{"embeddable":true,"href":"https:\/\/blogdorogeriogomes.com.br\/noticias\/wp-json\/wp\/v2\/comments?post=15770"}],"version-history":[{"count":1,"href":"https:\/\/blogdorogeriogomes.com.br\/noticias\/wp-json\/wp\/v2\/posts\/15770\/revisions"}],"predecessor-version":[{"id":15772,"href":"https:\/\/blogdorogeriogomes.com.br\/noticias\/wp-json\/wp\/v2\/posts\/15770\/revisions\/15772"}],"wp:featuredmedia":[{"embeddable":true,"href":"https:\/\/blogdorogeriogomes.com.br\/noticias\/wp-json\/wp\/v2\/media\/15771"}],"wp:attachment":[{"href":"https:\/\/blogdorogeriogomes.com.br\/noticias\/wp-json\/wp\/v2\/media?parent=15770"}],"wp:term":[{"taxonomy":"category","embeddable":true,"href":"https:\/\/blogdorogeriogomes.com.br\/noticias\/wp-json\/wp\/v2\/categories?post=15770"},{"taxonomy":"post_tag","embeddable":true,"href":"https:\/\/blogdorogeriogomes.com.br\/noticias\/wp-json\/wp\/v2\/tags?post=15770"}],"curies":[{"name":"wp","href":"https:\/\/api.w.org\/{rel}","templated":true}]}}