{"id":15773,"date":"2020-03-03T19:25:19","date_gmt":"2020-03-03T19:25:19","guid":{"rendered":"http:\/\/blogdorogeriogomes.com.br\/?p=15773"},"modified":"2020-03-04T11:56:06","modified_gmt":"2020-03-04T11:56:06","slug":"assembleia-legislativa-do-ceara-aprova-mensagem-que-proibe-anistia-a-pms-que-fizerem-motim","status":"publish","type":"post","link":"https:\/\/blogdorogeriogomes.com.br\/noticias\/2020\/03\/assembleia-legislativa-do-ceara-aprova-mensagem-que-proibe-anistia-a-pms-que-fizerem-motim\/","title":{"rendered":"Assembleia Legislativa do Cear\u00e1 aprova mensagem que pro\u00edbe anistia a PMs que fizerem motim"},"content":{"rendered":"\n<p>Com 34 votos favor\u00e1veis, dois contra e uma absten\u00e7\u00e3o, a Assembleia Legislativa do Cear\u00e1 aprovou, na tarde desta ter\u00e7a-feira, dia 3 de mar\u00e7o, a mensagem governamental que pro\u00edbe a anistia de policiais militares em situa\u00e7\u00e3o de motim. O projeto foi apresentado em regime de urg\u00eancia pelo governador Camilo Santana, quando o motim de PMs no Cear\u00e1 ainda estava acontecendo. O movimento da PM durou 13 dias.<br>\nA proibi\u00e7\u00e3o de anistia a agentes de seguran\u00e7a que se envolverem em motins   passa a ser uma lei constitucional do Cear\u00e1, o que impossibilita de vez o perd\u00e3o aos insubordinados.&nbsp;&#8220;A PEC \u00e9 para que justamente no futuro nenhum governante possa pensar em querer anistiar qualquer tipo de pessoas que participam de movimentos desse natureza&#8221;, afirmou o deputado estadual Evandro Leit\u00e3o (PDT), que integrou a comiss\u00e3o de negocia\u00e7\u00e3o junto aos PMs amotinados.<\/p>\n\n\n\n<figure class=\"wp-block-gallery columns-1 is-cropped wp-block-gallery-1 is-layout-flex wp-block-gallery-is-layout-flex\"><ul class=\"blocks-gallery-grid\"><li class=\"blocks-gallery-item\"><figure><img loading=\"lazy\" decoding=\"async\" width=\"1024\" height=\"869\" src=\"http:\/\/blogdorogeriogomes.com.br\/wp-content\/uploads\/2020\/03\/IMG_20200303_161640_691-1024x869.jpg\" alt=\"\" data-id=\"15774\" data-full-url=\"http:\/\/blogdorogeriogomes.com.br\/wp-content\/uploads\/2020\/03\/IMG_20200303_161640_691.jpg\" data-link=\"http:\/\/blogdorogeriogomes.com.br\/?attachment_id=15774\" class=\"wp-image-15774\" srcset=\"https:\/\/blogdorogeriogomes.com.br\/noticias\/wp-content\/uploads\/2020\/03\/IMG_20200303_161640_691-1024x869.jpg 1024w, https:\/\/blogdorogeriogomes.com.br\/noticias\/wp-content\/uploads\/2020\/03\/IMG_20200303_161640_691-300x255.jpg 300w, https:\/\/blogdorogeriogomes.com.br\/noticias\/wp-content\/uploads\/2020\/03\/IMG_20200303_161640_691-768x652.jpg 768w, https:\/\/blogdorogeriogomes.com.br\/noticias\/wp-content\/uploads\/2020\/03\/IMG_20200303_161640_691-800x679.jpg 800w, https:\/\/blogdorogeriogomes.com.br\/noticias\/wp-content\/uploads\/2020\/03\/IMG_20200303_161640_691.jpg 1131w\" sizes=\"auto, (max-width: 1024px) 100vw, 1024px\" \/><\/figure><\/li><\/ul><\/figure>\n","protected":false},"excerpt":{"rendered":"<p>Com 34 votos favor\u00e1veis, dois contra e uma absten\u00e7\u00e3o, a Assembleia Legislativa do Cear\u00e1 aprovou, na tarde desta ter\u00e7a-feira, dia 3 de mar\u00e7o, a mensagem governamental que pro\u00edbe a anistia de policiais militares em situa\u00e7\u00e3o de motim. O projeto foi apresentado em regime de urg\u00eancia pelo governador Camilo Santana, quando o motim de PMs no Cear\u00e1 ainda estava acontecendo. O movimento da PM durou 13 dias. A proibi\u00e7\u00e3o de anistia a agentes de seguran\u00e7a que se envolverem em motins&hellip;<\/p>\n","protected":false},"author":1,"featured_media":15774,"comment_status":"open","ping_status":"open","sticky":false,"template":"","format":"standard","meta":{"footnotes":""},"categories":[1],"tags":[],"class_list":["post-15773","post","type-post","status-publish","format-standard","has-post-thumbnail","hentry","category-noticias"],"_links":{"self":[{"href":"https:\/\/blogdorogeriogomes.com.br\/noticias\/wp-json\/wp\/v2\/posts\/15773","targetHints":{"allow":["GET"]}}],"collection":[{"href":"https:\/\/blogdorogeriogomes.com.br\/noticias\/wp-json\/wp\/v2\/posts"}],"about":[{"href":"https:\/\/blogdorogeriogomes.com.br\/noticias\/wp-json\/wp\/v2\/types\/post"}],"author":[{"embeddable":true,"href":"https:\/\/blogdorogeriogomes.com.br\/noticias\/wp-json\/wp\/v2\/users\/1"}],"replies":[{"embeddable":true,"href":"https:\/\/blogdorogeriogomes.com.br\/noticias\/wp-json\/wp\/v2\/comments?post=15773"}],"version-history":[{"count":1,"href":"https:\/\/blogdorogeriogomes.com.br\/noticias\/wp-json\/wp\/v2\/posts\/15773\/revisions"}],"predecessor-version":[{"id":15775,"href":"https:\/\/blogdorogeriogomes.com.br\/noticias\/wp-json\/wp\/v2\/posts\/15773\/revisions\/15775"}],"wp:featuredmedia":[{"embeddable":true,"href":"https:\/\/blogdorogeriogomes.com.br\/noticias\/wp-json\/wp\/v2\/media\/15774"}],"wp:attachment":[{"href":"https:\/\/blogdorogeriogomes.com.br\/noticias\/wp-json\/wp\/v2\/media?parent=15773"}],"wp:term":[{"taxonomy":"category","embeddable":true,"href":"https:\/\/blogdorogeriogomes.com.br\/noticias\/wp-json\/wp\/v2\/categories?post=15773"},{"taxonomy":"post_tag","embeddable":true,"href":"https:\/\/blogdorogeriogomes.com.br\/noticias\/wp-json\/wp\/v2\/tags?post=15773"}],"curies":[{"name":"wp","href":"https:\/\/api.w.org\/{rel}","templated":true}]}}