{"id":15789,"date":"2020-03-05T09:45:15","date_gmt":"2020-03-05T09:45:15","guid":{"rendered":"http:\/\/blogdorogeriogomes.com.br\/?p=15789"},"modified":"2020-03-05T11:26:07","modified_gmt":"2020-03-05T11:26:07","slug":"camilo-santana-diz-na-globonews-que-cabo-sabino-esta-foragido-apos-o-motim-dos-policiais-militares","status":"publish","type":"post","link":"https:\/\/blogdorogeriogomes.com.br\/noticias\/2020\/03\/camilo-santana-diz-na-globonews-que-cabo-sabino-esta-foragido-apos-o-motim-dos-policiais-militares\/","title":{"rendered":"Camilo Santana diz na GloboNews que Cabo Sabino est\u00e1 foragido ap\u00f3s o motim dos policiais militares"},"content":{"rendered":"\n<p>Em entrevista a GloboNews, nesta quarta-feira, dia 4 de mar\u00e7o, o governador do Cear\u00e1, Camilo Santana, confirmou que o principal l\u00edder do motim dos policiais militares no Estado, o ex-deputado federal Cabo Sabino est\u00e1 foragido. Ele voltou a classificar o movimento de PMs no Cear\u00e1 como um ato &#8220;mais pol\u00edtico, do que salarial&#8221;.<br>\n&#8220;H\u00e1 uma disputa por espa\u00e7o entre os pr\u00f3prios l\u00edderes pol\u00edticos dentro do movimento. Inclusive um deles, est\u00e1 com um mandado de pris\u00e3o e est\u00e1 foragido do estado do Cear\u00e1. Estamos atr\u00e1s dele e n\u00e3o conseguimos encontrar&#8221;, afirmou Camilo Santana em rela\u00e7\u00e3o ao Cabo Sabino.<br>\nPara o chefe do Minist\u00e9rio P\u00fablico do Cear\u00e1, o procurador-geral de Justi\u00e7a Manuel Pinheiro Freitas, os PMs que se amotinaram durante 13 dias, cometeram crimes militares e, por isso, devem ser condenados. Dependendo da gravidade, at\u00e9 mesmo com a expuls\u00e3o dos quadros da corpora\u00e7\u00e3o.<br>\nA partir desta quinta-feira, dia 5, as ruas de Fortaleza e de cidades do interior n\u00e3o contam mais com os homens do Ex\u00e9rcito e da For\u00e7a Nacional de Seguran\u00e7a. O presidente Jair Bolsonaro antecipou a retirada da tropa por meio da Garantia da Lei e da Ordem (GLO). De acordo com a Secretaria de Seguran\u00e7a P\u00fablica e Defesa Social, quase 100% do efetivo da Pol\u00edcia Militar j\u00e1 voltou ao servi\u00e7o normal.<\/p>\n\n\n\n<figure class=\"wp-block-gallery columns-1 is-cropped wp-block-gallery-1 is-layout-flex wp-block-gallery-is-layout-flex\"><ul class=\"blocks-gallery-grid\"><li class=\"blocks-gallery-item\"><figure><img loading=\"lazy\" decoding=\"async\" width=\"506\" height=\"413\" src=\"http:\/\/blogdorogeriogomes.com.br\/wp-content\/uploads\/2020\/03\/IMG_20200305_064215_835.jpg\" alt=\"\" data-id=\"15790\" data-full-url=\"http:\/\/blogdorogeriogomes.com.br\/wp-content\/uploads\/2020\/03\/IMG_20200305_064215_835.jpg\" data-link=\"http:\/\/blogdorogeriogomes.com.br\/?attachment_id=15790\" class=\"wp-image-15790\" srcset=\"https:\/\/blogdorogeriogomes.com.br\/noticias\/wp-content\/uploads\/2020\/03\/IMG_20200305_064215_835.jpg 506w, https:\/\/blogdorogeriogomes.com.br\/noticias\/wp-content\/uploads\/2020\/03\/IMG_20200305_064215_835-300x245.jpg 300w\" sizes=\"auto, (max-width: 506px) 100vw, 506px\" \/><\/figure><\/li><\/ul><\/figure>\n","protected":false},"excerpt":{"rendered":"<p>Em entrevista a GloboNews, nesta quarta-feira, dia 4 de mar\u00e7o, o governador do Cear\u00e1, Camilo Santana, confirmou que o principal l\u00edder do motim dos policiais militares no Estado, o ex-deputado federal Cabo Sabino est\u00e1 foragido. Ele voltou a classificar o movimento de PMs no Cear\u00e1 como um ato &#8220;mais pol\u00edtico, do que salarial&#8221;. &#8220;H\u00e1 uma disputa por espa\u00e7o entre os pr\u00f3prios l\u00edderes pol\u00edticos dentro do movimento. Inclusive um deles, est\u00e1 com um mandado de pris\u00e3o e est\u00e1 foragido do&hellip;<\/p>\n","protected":false},"author":1,"featured_media":15790,"comment_status":"open","ping_status":"open","sticky":false,"template":"","format":"standard","meta":{"footnotes":""},"categories":[1],"tags":[],"class_list":["post-15789","post","type-post","status-publish","format-standard","has-post-thumbnail","hentry","category-noticias"],"_links":{"self":[{"href":"https:\/\/blogdorogeriogomes.com.br\/noticias\/wp-json\/wp\/v2\/posts\/15789","targetHints":{"allow":["GET"]}}],"collection":[{"href":"https:\/\/blogdorogeriogomes.com.br\/noticias\/wp-json\/wp\/v2\/posts"}],"about":[{"href":"https:\/\/blogdorogeriogomes.com.br\/noticias\/wp-json\/wp\/v2\/types\/post"}],"author":[{"embeddable":true,"href":"https:\/\/blogdorogeriogomes.com.br\/noticias\/wp-json\/wp\/v2\/users\/1"}],"replies":[{"embeddable":true,"href":"https:\/\/blogdorogeriogomes.com.br\/noticias\/wp-json\/wp\/v2\/comments?post=15789"}],"version-history":[{"count":1,"href":"https:\/\/blogdorogeriogomes.com.br\/noticias\/wp-json\/wp\/v2\/posts\/15789\/revisions"}],"predecessor-version":[{"id":15791,"href":"https:\/\/blogdorogeriogomes.com.br\/noticias\/wp-json\/wp\/v2\/posts\/15789\/revisions\/15791"}],"wp:featuredmedia":[{"embeddable":true,"href":"https:\/\/blogdorogeriogomes.com.br\/noticias\/wp-json\/wp\/v2\/media\/15790"}],"wp:attachment":[{"href":"https:\/\/blogdorogeriogomes.com.br\/noticias\/wp-json\/wp\/v2\/media?parent=15789"}],"wp:term":[{"taxonomy":"category","embeddable":true,"href":"https:\/\/blogdorogeriogomes.com.br\/noticias\/wp-json\/wp\/v2\/categories?post=15789"},{"taxonomy":"post_tag","embeddable":true,"href":"https:\/\/blogdorogeriogomes.com.br\/noticias\/wp-json\/wp\/v2\/tags?post=15789"}],"curies":[{"name":"wp","href":"https:\/\/api.w.org\/{rel}","templated":true}]}}