{"id":15792,"date":"2020-03-05T09:58:44","date_gmt":"2020-03-05T09:58:44","guid":{"rendered":"http:\/\/blogdorogeriogomes.com.br\/?p=15792"},"modified":"2020-03-05T11:25:33","modified_gmt":"2020-03-05T11:25:33","slug":"governo-federal-fecha-acordo-no-congresso-e-mantem-veto-de-bolsonaro-ao-orcamento-impositivo","status":"publish","type":"post","link":"https:\/\/blogdorogeriogomes.com.br\/noticias\/2020\/03\/governo-federal-fecha-acordo-no-congresso-e-mantem-veto-de-bolsonaro-ao-orcamento-impositivo\/","title":{"rendered":"Governo Federal fecha acordo no Congresso e mant\u00e9m veto de Bolsonaro ao or\u00e7amento impositivo"},"content":{"rendered":"\n<p>Apesar de &#8220;vender&#8221; nas redes sociais para os aliados que iria endurecer a rela\u00e7\u00e3o com deputados federais e senadores, o Governo Federal fechou acordo com o Congresso Nacional. Assim, conseguiu manter, nesta quarta-feira, dia 4 de mar\u00e7o, vetos do presidente Jair Bolsonaro ao Or\u00e7amento impositivo e deu uma tr\u00e9gua tempor\u00e1ria na disputa pelo controle de verbas federais. <br>\nDiante do acerto, o Planalto retoma por enquanto o controle de R$ 30,8 bilh\u00f5es, mas o acerto prev\u00ea que a gest\u00e3o desse montante ainda ser\u00e1 repartida com o Congresso, a partir da vota\u00e7\u00e3o de projetos prevista para a semana que vem. <br>\nA expectativa \u00e9 que metade dos R$ 30,8 bilh\u00f5es fiquem \u00e0 disposi\u00e7\u00e3o dos congressistas para a execu\u00e7\u00e3o das chamadas emendas parlamentares. A disputa por dinheiro entre Pal\u00e1cio do Planalto e Legislativo voltar\u00e1 \u00e0 pauta na pr\u00f3xima semana, a poucos dias dos atos pr\u00f3-Bolsonaro e anti-Congresso, marcados para 15 de mar\u00e7o.<\/p>\n\n\n\n<figure class=\"wp-block-gallery columns-1 is-cropped wp-block-gallery-1 is-layout-flex wp-block-gallery-is-layout-flex\"><ul class=\"blocks-gallery-grid\"><li class=\"blocks-gallery-item\"><figure><img loading=\"lazy\" decoding=\"async\" width=\"678\" height=\"452\" src=\"http:\/\/blogdorogeriogomes.com.br\/wp-content\/uploads\/2020\/03\/IMG_20200305_065550_217.jpg\" alt=\"\" data-id=\"15793\" data-full-url=\"http:\/\/blogdorogeriogomes.com.br\/wp-content\/uploads\/2020\/03\/IMG_20200305_065550_217.jpg\" data-link=\"http:\/\/blogdorogeriogomes.com.br\/?attachment_id=15793\" class=\"wp-image-15793\" srcset=\"https:\/\/blogdorogeriogomes.com.br\/noticias\/wp-content\/uploads\/2020\/03\/IMG_20200305_065550_217.jpg 678w, https:\/\/blogdorogeriogomes.com.br\/noticias\/wp-content\/uploads\/2020\/03\/IMG_20200305_065550_217-300x200.jpg 300w\" sizes=\"auto, (max-width: 678px) 100vw, 678px\" \/><\/figure><\/li><\/ul><\/figure>\n","protected":false},"excerpt":{"rendered":"<p>Apesar de &#8220;vender&#8221; nas redes sociais para os aliados que iria endurecer a rela\u00e7\u00e3o com deputados federais e senadores, o Governo Federal fechou acordo com o Congresso Nacional. Assim, conseguiu manter, nesta quarta-feira, dia 4 de mar\u00e7o, vetos do presidente Jair Bolsonaro ao Or\u00e7amento impositivo e deu uma tr\u00e9gua tempor\u00e1ria na disputa pelo controle de verbas federais. Diante do acerto, o Planalto retoma por enquanto o controle de R$ 30,8 bilh\u00f5es, mas o acerto prev\u00ea que a gest\u00e3o desse&hellip;<\/p>\n","protected":false},"author":1,"featured_media":15793,"comment_status":"open","ping_status":"open","sticky":false,"template":"","format":"standard","meta":{"footnotes":""},"categories":[1],"tags":[],"class_list":["post-15792","post","type-post","status-publish","format-standard","has-post-thumbnail","hentry","category-noticias"],"_links":{"self":[{"href":"https:\/\/blogdorogeriogomes.com.br\/noticias\/wp-json\/wp\/v2\/posts\/15792","targetHints":{"allow":["GET"]}}],"collection":[{"href":"https:\/\/blogdorogeriogomes.com.br\/noticias\/wp-json\/wp\/v2\/posts"}],"about":[{"href":"https:\/\/blogdorogeriogomes.com.br\/noticias\/wp-json\/wp\/v2\/types\/post"}],"author":[{"embeddable":true,"href":"https:\/\/blogdorogeriogomes.com.br\/noticias\/wp-json\/wp\/v2\/users\/1"}],"replies":[{"embeddable":true,"href":"https:\/\/blogdorogeriogomes.com.br\/noticias\/wp-json\/wp\/v2\/comments?post=15792"}],"version-history":[{"count":1,"href":"https:\/\/blogdorogeriogomes.com.br\/noticias\/wp-json\/wp\/v2\/posts\/15792\/revisions"}],"predecessor-version":[{"id":15794,"href":"https:\/\/blogdorogeriogomes.com.br\/noticias\/wp-json\/wp\/v2\/posts\/15792\/revisions\/15794"}],"wp:featuredmedia":[{"embeddable":true,"href":"https:\/\/blogdorogeriogomes.com.br\/noticias\/wp-json\/wp\/v2\/media\/15793"}],"wp:attachment":[{"href":"https:\/\/blogdorogeriogomes.com.br\/noticias\/wp-json\/wp\/v2\/media?parent=15792"}],"wp:term":[{"taxonomy":"category","embeddable":true,"href":"https:\/\/blogdorogeriogomes.com.br\/noticias\/wp-json\/wp\/v2\/categories?post=15792"},{"taxonomy":"post_tag","embeddable":true,"href":"https:\/\/blogdorogeriogomes.com.br\/noticias\/wp-json\/wp\/v2\/tags?post=15792"}],"curies":[{"name":"wp","href":"https:\/\/api.w.org\/{rel}","templated":true}]}}