{"id":15796,"date":"2020-03-06T09:36:48","date_gmt":"2020-03-06T09:36:48","guid":{"rendered":"http:\/\/blogdorogeriogomes.com.br\/?p=15796"},"modified":"2020-03-06T18:57:10","modified_gmt":"2020-03-06T18:57:10","slug":"cabo-sabino-se-apresenta-tem-prisao-revogada-e-gera-indignacao-de-camilo-santana","status":"publish","type":"post","link":"https:\/\/blogdorogeriogomes.com.br\/noticias\/2020\/03\/cabo-sabino-se-apresenta-tem-prisao-revogada-e-gera-indignacao-de-camilo-santana\/","title":{"rendered":"Cabo Sabino se apresenta, tem pris\u00e3o revogada e gera indigna\u00e7\u00e3o de Camilo Santana"},"content":{"rendered":"\n<p>Considerado um dos principais l\u00edderes do motim da PM no Cear\u00e1, o ex-deputado federal Cabo Sabino se apresentou \u00e0 Justi\u00e7a e teve a sua pris\u00e3o revogada. Ele, no entanto, est\u00e1 proibido de frequentar unidades da Pol\u00edcia Militar e do Corpo de Bombeiros por um per\u00edodo de seis meses. Sabino \u00e9 acusado de utilizar o movimento dos policiais militares por melhores sal\u00e1rios como forma de alavancar uma candidatura nas pr\u00f3ximas elei\u00e7\u00f5es municipais.<br>\nO governador Camilo Santana lamentou a decis\u00e3o da Justi\u00e7a. &#8220;Estou indignado com a decis\u00e3o de um juiz de relaxar a pris\u00e3o de um foragido que liderou um motim que causou pavor \u00e0 popula\u00e7\u00e3o cearense e provocou dezenas de mortes no Estado. Inaceit\u00e1vel que algu\u00e9m promova todo tipo de desordem, cometa crimes, desafie a pr\u00f3pria Justi\u00e7a, Minist\u00e9rio P\u00fablico, Governo e sociedade, e seja mandado para casa, como se nada tivesse ocorrido. Esse acusado ter\u00e1 que responder pelos seus grav\u00edssimos atos, pelo bem do Estado de Direito&#8221;, declarou o chefe do Executivo no Cear\u00e1.<\/p>\n\n\n\n<figure class=\"wp-block-gallery columns-1 is-cropped wp-block-gallery-1 is-layout-flex wp-block-gallery-is-layout-flex\"><ul class=\"blocks-gallery-grid\"><li class=\"blocks-gallery-item\"><figure><img loading=\"lazy\" decoding=\"async\" width=\"1024\" height=\"756\" src=\"http:\/\/blogdorogeriogomes.com.br\/wp-content\/uploads\/2020\/03\/IMG_20200306_063011_050-1024x756.jpg\" alt=\"\" data-id=\"15797\" data-full-url=\"http:\/\/blogdorogeriogomes.com.br\/wp-content\/uploads\/2020\/03\/IMG_20200306_063011_050.jpg\" data-link=\"http:\/\/blogdorogeriogomes.com.br\/?attachment_id=15797\" class=\"wp-image-15797\" srcset=\"https:\/\/blogdorogeriogomes.com.br\/noticias\/wp-content\/uploads\/2020\/03\/IMG_20200306_063011_050-1024x756.jpg 1024w, https:\/\/blogdorogeriogomes.com.br\/noticias\/wp-content\/uploads\/2020\/03\/IMG_20200306_063011_050-300x222.jpg 300w, https:\/\/blogdorogeriogomes.com.br\/noticias\/wp-content\/uploads\/2020\/03\/IMG_20200306_063011_050-768x567.jpg 768w, https:\/\/blogdorogeriogomes.com.br\/noticias\/wp-content\/uploads\/2020\/03\/IMG_20200306_063011_050-800x591.jpg 800w, https:\/\/blogdorogeriogomes.com.br\/noticias\/wp-content\/uploads\/2020\/03\/IMG_20200306_063011_050.jpg 1029w\" sizes=\"auto, (max-width: 1024px) 100vw, 1024px\" \/><\/figure><\/li><\/ul><\/figure>\n","protected":false},"excerpt":{"rendered":"<p>Considerado um dos principais l\u00edderes do motim da PM no Cear\u00e1, o ex-deputado federal Cabo Sabino se apresentou \u00e0 Justi\u00e7a e teve a sua pris\u00e3o revogada. Ele, no entanto, est\u00e1 proibido de frequentar unidades da Pol\u00edcia Militar e do Corpo de Bombeiros por um per\u00edodo de seis meses. Sabino \u00e9 acusado de utilizar o movimento dos policiais militares por melhores sal\u00e1rios como forma de alavancar uma candidatura nas pr\u00f3ximas elei\u00e7\u00f5es municipais. O governador Camilo Santana lamentou a decis\u00e3o da&hellip;<\/p>\n","protected":false},"author":1,"featured_media":15797,"comment_status":"open","ping_status":"open","sticky":false,"template":"","format":"standard","meta":{"footnotes":""},"categories":[1],"tags":[],"class_list":["post-15796","post","type-post","status-publish","format-standard","has-post-thumbnail","hentry","category-noticias"],"_links":{"self":[{"href":"https:\/\/blogdorogeriogomes.com.br\/noticias\/wp-json\/wp\/v2\/posts\/15796","targetHints":{"allow":["GET"]}}],"collection":[{"href":"https:\/\/blogdorogeriogomes.com.br\/noticias\/wp-json\/wp\/v2\/posts"}],"about":[{"href":"https:\/\/blogdorogeriogomes.com.br\/noticias\/wp-json\/wp\/v2\/types\/post"}],"author":[{"embeddable":true,"href":"https:\/\/blogdorogeriogomes.com.br\/noticias\/wp-json\/wp\/v2\/users\/1"}],"replies":[{"embeddable":true,"href":"https:\/\/blogdorogeriogomes.com.br\/noticias\/wp-json\/wp\/v2\/comments?post=15796"}],"version-history":[{"count":1,"href":"https:\/\/blogdorogeriogomes.com.br\/noticias\/wp-json\/wp\/v2\/posts\/15796\/revisions"}],"predecessor-version":[{"id":15798,"href":"https:\/\/blogdorogeriogomes.com.br\/noticias\/wp-json\/wp\/v2\/posts\/15796\/revisions\/15798"}],"wp:featuredmedia":[{"embeddable":true,"href":"https:\/\/blogdorogeriogomes.com.br\/noticias\/wp-json\/wp\/v2\/media\/15797"}],"wp:attachment":[{"href":"https:\/\/blogdorogeriogomes.com.br\/noticias\/wp-json\/wp\/v2\/media?parent=15796"}],"wp:term":[{"taxonomy":"category","embeddable":true,"href":"https:\/\/blogdorogeriogomes.com.br\/noticias\/wp-json\/wp\/v2\/categories?post=15796"},{"taxonomy":"post_tag","embeddable":true,"href":"https:\/\/blogdorogeriogomes.com.br\/noticias\/wp-json\/wp\/v2\/tags?post=15796"}],"curies":[{"name":"wp","href":"https:\/\/api.w.org\/{rel}","templated":true}]}}