{"id":15799,"date":"2020-03-06T09:54:45","date_gmt":"2020-03-06T09:54:45","guid":{"rendered":"http:\/\/blogdorogeriogomes.com.br\/?p=15799"},"modified":"2020-03-06T18:56:55","modified_gmt":"2020-03-06T18:56:55","slug":"prefeitura-de-fortaleza-desmente-ministro-da-educacao-sobre-compra-de-material-escolar","status":"publish","type":"post","link":"https:\/\/blogdorogeriogomes.com.br\/noticias\/2020\/03\/prefeitura-de-fortaleza-desmente-ministro-da-educacao-sobre-compra-de-material-escolar\/","title":{"rendered":"Prefeitura de Fortaleza desmente Ministro da Educa\u00e7\u00e3o sobre compra de material escolar"},"content":{"rendered":"\n<p>A Prefeitura de Fortaleza desmentiu, atrav\u00e9s de documentos apresentados \u00e0 imprensa, que o material distribu\u00eddo a 230 mil alunos da rede p\u00fablica de ensino da Capital tenha sido fornecido pelo Governo Federal, como informou o pr\u00f3prio ministro da Educa\u00e7\u00e3o, Abraham Weintraub, em postagem nas redes sociais, onde servidores da Prefeitura supostamente colocam adesivos com logomarca municipal em kits do Governo Federal.<br>\nA Secretaria de Educa\u00e7\u00e3o de Fortaleza justifica que investiu R$ 12.707.964,00 na compra do material, que \u00e9 o mesmo fornecedor do Minist\u00e9rio da Educa\u00e7\u00e3o. Por isso, os adesivos foram colocados nos kits.<br>\nO prefeito de Fortaleza, Roberto Cl\u00e1udio, lan\u00e7ou duas notas negando as acusa\u00e7\u00f5es e apresentando as notas fiscais das compras dos kits. Classificou o ministro Abraham Weintraub de \u201cministro da mentira\u201d, pelo fato de se utilizar da postagem para disseminar &#8220;fake news&#8221; pelas redes sociais. Por sinal, pr\u00e1tica bem comum do atual Ministro da Educa\u00e7\u00e3o em outros epis\u00f3dios.<\/p>\n\n\n\n<figure class=\"wp-block-gallery columns-1 is-cropped wp-block-gallery-1 is-layout-flex wp-block-gallery-is-layout-flex\"><ul class=\"blocks-gallery-grid\"><li class=\"blocks-gallery-item\"><figure><img loading=\"lazy\" decoding=\"async\" width=\"680\" height=\"451\" src=\"http:\/\/blogdorogeriogomes.com.br\/wp-content\/uploads\/2020\/03\/IMG_20200306_065135_197.jpg\" alt=\"\" data-id=\"15800\" data-full-url=\"http:\/\/blogdorogeriogomes.com.br\/wp-content\/uploads\/2020\/03\/IMG_20200306_065135_197.jpg\" data-link=\"http:\/\/blogdorogeriogomes.com.br\/?attachment_id=15800\" class=\"wp-image-15800\" srcset=\"https:\/\/blogdorogeriogomes.com.br\/noticias\/wp-content\/uploads\/2020\/03\/IMG_20200306_065135_197.jpg 680w, https:\/\/blogdorogeriogomes.com.br\/noticias\/wp-content\/uploads\/2020\/03\/IMG_20200306_065135_197-300x199.jpg 300w\" sizes=\"auto, (max-width: 680px) 100vw, 680px\" \/><\/figure><\/li><\/ul><\/figure>\n","protected":false},"excerpt":{"rendered":"<p>A Prefeitura de Fortaleza desmentiu, atrav\u00e9s de documentos apresentados \u00e0 imprensa, que o material distribu\u00eddo a 230 mil alunos da rede p\u00fablica de ensino da Capital tenha sido fornecido pelo Governo Federal, como informou o pr\u00f3prio ministro da Educa\u00e7\u00e3o, Abraham Weintraub, em postagem nas redes sociais, onde servidores da Prefeitura supostamente colocam adesivos com logomarca municipal em kits do Governo Federal. A Secretaria de Educa\u00e7\u00e3o de Fortaleza justifica que investiu R$ 12.707.964,00 na compra do material, que \u00e9 o&hellip;<\/p>\n","protected":false},"author":1,"featured_media":15800,"comment_status":"open","ping_status":"open","sticky":false,"template":"","format":"standard","meta":{"footnotes":""},"categories":[1],"tags":[],"class_list":["post-15799","post","type-post","status-publish","format-standard","has-post-thumbnail","hentry","category-noticias"],"_links":{"self":[{"href":"https:\/\/blogdorogeriogomes.com.br\/noticias\/wp-json\/wp\/v2\/posts\/15799","targetHints":{"allow":["GET"]}}],"collection":[{"href":"https:\/\/blogdorogeriogomes.com.br\/noticias\/wp-json\/wp\/v2\/posts"}],"about":[{"href":"https:\/\/blogdorogeriogomes.com.br\/noticias\/wp-json\/wp\/v2\/types\/post"}],"author":[{"embeddable":true,"href":"https:\/\/blogdorogeriogomes.com.br\/noticias\/wp-json\/wp\/v2\/users\/1"}],"replies":[{"embeddable":true,"href":"https:\/\/blogdorogeriogomes.com.br\/noticias\/wp-json\/wp\/v2\/comments?post=15799"}],"version-history":[{"count":1,"href":"https:\/\/blogdorogeriogomes.com.br\/noticias\/wp-json\/wp\/v2\/posts\/15799\/revisions"}],"predecessor-version":[{"id":15801,"href":"https:\/\/blogdorogeriogomes.com.br\/noticias\/wp-json\/wp\/v2\/posts\/15799\/revisions\/15801"}],"wp:featuredmedia":[{"embeddable":true,"href":"https:\/\/blogdorogeriogomes.com.br\/noticias\/wp-json\/wp\/v2\/media\/15800"}],"wp:attachment":[{"href":"https:\/\/blogdorogeriogomes.com.br\/noticias\/wp-json\/wp\/v2\/media?parent=15799"}],"wp:term":[{"taxonomy":"category","embeddable":true,"href":"https:\/\/blogdorogeriogomes.com.br\/noticias\/wp-json\/wp\/v2\/categories?post=15799"},{"taxonomy":"post_tag","embeddable":true,"href":"https:\/\/blogdorogeriogomes.com.br\/noticias\/wp-json\/wp\/v2\/tags?post=15799"}],"curies":[{"name":"wp","href":"https:\/\/api.w.org\/{rel}","templated":true}]}}