{"id":15802,"date":"2020-03-06T10:17:54","date_gmt":"2020-03-06T10:17:54","guid":{"rendered":"http:\/\/blogdorogeriogomes.com.br\/?p=15802"},"modified":"2020-03-06T18:55:35","modified_gmt":"2020-03-06T18:55:35","slug":"ministerio-publico-recomenda-que-engenheiros-e-pedreiro-do-edificio-andrea-sejam-julgados-por-homicidio-doloso","status":"publish","type":"post","link":"https:\/\/blogdorogeriogomes.com.br\/noticias\/2020\/03\/ministerio-publico-recomenda-que-engenheiros-e-pedreiro-do-edificio-andrea-sejam-julgados-por-homicidio-doloso\/","title":{"rendered":"Minist\u00e9rio P\u00fablico recomenda que engenheiros e pedreiro do Edif\u00edcio Andrea sejam julgados por homic\u00eddio doloso"},"content":{"rendered":"\n<p>O Minist\u00e9rio P\u00fablico Estadual emitiu parecer onde recomenda que engenheiros e pedreiro do Edif\u00edcio Andrea, que desabou ano passado em Fortaleza, sejam julgados por homic\u00eddio doloso. O documento, assinado pela promotora de Justi\u00e7a, Ana Claudia de Morais, da 93\u00aa Promotoria de Justi\u00e7a de Fortaleza, aponta que os engenheiros Jos\u00e9 Andreson Gonzaga dos Santos e Carlos Alberto Loss de Oliveira e o pedreiro Amauri Pereira de Souza, respons\u00e1veis pela reforma no pr\u00e9dio, devem ser julgados por homic\u00eddio com dolo eventual, quando se &#8220;assume o risco&#8221; de produzir o resultado na a\u00e7\u00e3o.<br>\nO processo apura as responsabilidades sobre as nove mortes decorrentes do desabamento no Edif\u00edcio Andrea, em outubro de 2019, no bairro Dion\u00edsio Torres, em Fortaleza.<\/p>\n\n\n\n<figure class=\"wp-block-gallery columns-1 is-cropped wp-block-gallery-1 is-layout-flex wp-block-gallery-is-layout-flex\"><ul class=\"blocks-gallery-grid\"><li class=\"blocks-gallery-item\"><figure><img loading=\"lazy\" decoding=\"async\" width=\"666\" height=\"452\" src=\"http:\/\/blogdorogeriogomes.com.br\/wp-content\/uploads\/2020\/03\/IMG_20200306_071402_347.jpg\" alt=\"\" data-id=\"15803\" data-full-url=\"http:\/\/blogdorogeriogomes.com.br\/wp-content\/uploads\/2020\/03\/IMG_20200306_071402_347.jpg\" data-link=\"http:\/\/blogdorogeriogomes.com.br\/?attachment_id=15803\" class=\"wp-image-15803\" srcset=\"https:\/\/blogdorogeriogomes.com.br\/noticias\/wp-content\/uploads\/2020\/03\/IMG_20200306_071402_347.jpg 666w, https:\/\/blogdorogeriogomes.com.br\/noticias\/wp-content\/uploads\/2020\/03\/IMG_20200306_071402_347-300x204.jpg 300w\" sizes=\"auto, (max-width: 666px) 100vw, 666px\" \/><\/figure><\/li><\/ul><\/figure>\n","protected":false},"excerpt":{"rendered":"<p>O Minist\u00e9rio P\u00fablico Estadual emitiu parecer onde recomenda que engenheiros e pedreiro do Edif\u00edcio Andrea, que desabou ano passado em Fortaleza, sejam julgados por homic\u00eddio doloso. O documento, assinado pela promotora de Justi\u00e7a, Ana Claudia de Morais, da 93\u00aa Promotoria de Justi\u00e7a de Fortaleza, aponta que os engenheiros Jos\u00e9 Andreson Gonzaga dos Santos e Carlos Alberto Loss de Oliveira e o pedreiro Amauri Pereira de Souza, respons\u00e1veis pela reforma no pr\u00e9dio, devem ser julgados por homic\u00eddio com dolo eventual,&hellip;<\/p>\n","protected":false},"author":1,"featured_media":15803,"comment_status":"open","ping_status":"open","sticky":false,"template":"","format":"standard","meta":{"footnotes":""},"categories":[1],"tags":[],"class_list":["post-15802","post","type-post","status-publish","format-standard","has-post-thumbnail","hentry","category-noticias"],"_links":{"self":[{"href":"https:\/\/blogdorogeriogomes.com.br\/noticias\/wp-json\/wp\/v2\/posts\/15802","targetHints":{"allow":["GET"]}}],"collection":[{"href":"https:\/\/blogdorogeriogomes.com.br\/noticias\/wp-json\/wp\/v2\/posts"}],"about":[{"href":"https:\/\/blogdorogeriogomes.com.br\/noticias\/wp-json\/wp\/v2\/types\/post"}],"author":[{"embeddable":true,"href":"https:\/\/blogdorogeriogomes.com.br\/noticias\/wp-json\/wp\/v2\/users\/1"}],"replies":[{"embeddable":true,"href":"https:\/\/blogdorogeriogomes.com.br\/noticias\/wp-json\/wp\/v2\/comments?post=15802"}],"version-history":[{"count":1,"href":"https:\/\/blogdorogeriogomes.com.br\/noticias\/wp-json\/wp\/v2\/posts\/15802\/revisions"}],"predecessor-version":[{"id":15804,"href":"https:\/\/blogdorogeriogomes.com.br\/noticias\/wp-json\/wp\/v2\/posts\/15802\/revisions\/15804"}],"wp:featuredmedia":[{"embeddable":true,"href":"https:\/\/blogdorogeriogomes.com.br\/noticias\/wp-json\/wp\/v2\/media\/15803"}],"wp:attachment":[{"href":"https:\/\/blogdorogeriogomes.com.br\/noticias\/wp-json\/wp\/v2\/media?parent=15802"}],"wp:term":[{"taxonomy":"category","embeddable":true,"href":"https:\/\/blogdorogeriogomes.com.br\/noticias\/wp-json\/wp\/v2\/categories?post=15802"},{"taxonomy":"post_tag","embeddable":true,"href":"https:\/\/blogdorogeriogomes.com.br\/noticias\/wp-json\/wp\/v2\/tags?post=15802"}],"curies":[{"name":"wp","href":"https:\/\/api.w.org\/{rel}","templated":true}]}}