{"id":15809,"date":"2020-03-07T09:39:24","date_gmt":"2020-03-07T09:39:24","guid":{"rendered":"http:\/\/blogdorogeriogomes.com.br\/?p=15809"},"modified":"2020-03-09T12:24:40","modified_gmt":"2020-03-09T12:24:40","slug":"tasso-jereissati-cobra-explicacoes-do-governo-federal-sobre-reducao-do-bolsa-familia-no-nordeste","status":"publish","type":"post","link":"https:\/\/blogdorogeriogomes.com.br\/noticias\/2020\/03\/tasso-jereissati-cobra-explicacoes-do-governo-federal-sobre-reducao-do-bolsa-familia-no-nordeste\/","title":{"rendered":"Tasso Jereissati cobra explica\u00e7\u00f5es do Governo Federal sobre redu\u00e7\u00e3o do Bolsa Fam\u00edlia no Nordeste"},"content":{"rendered":"\n<p>O senador cearense Tasso Jereissati (PSDB) resolveu abrir o verbo sobre os sequentes cortes do Programa Bolsa Fam\u00edlia pelo Governo Federal. Tasso anunciou que vai pedir ao Senado a convoca\u00e7\u00e3o do ministro da Cidadania, Onyx Lorenzoni, para esclarecer as informa\u00e7\u00f5es de que a regi\u00e3o Nordeste est\u00e1 sendo discrinada pelo governo de Jair Bolsonaro na distribui\u00e7\u00e3o de recursos do Bolsa Fam\u00edlia.&nbsp;<br>\nSegundo dados do Minist\u00e9rio da Cidadania, o Nordeste recebeu apenas 3% dos novos benef\u00edcios enquanto Sul e Sudeste responderam por 75% das novas concess\u00f5es. &#8220;Estou solicitando a convoca\u00e7\u00e3o, com urg\u00eancia, do Ministro da Cidadania para vir ao Senado Federal e explicar esse fato, para que possamos tomar as medidas cab\u00edveis. Isso pode significar o rompimento do Nordeste com o Governo Federal&#8221;, disse Tasso, em publica\u00e7\u00e3o pelo Twitter.&nbsp;<\/p>\n\n\n\n<figure class=\"wp-block-gallery columns-1 is-cropped wp-block-gallery-1 is-layout-flex wp-block-gallery-is-layout-flex\"><ul class=\"blocks-gallery-grid\"><li class=\"blocks-gallery-item\"><figure><img loading=\"lazy\" decoding=\"async\" width=\"555\" height=\"367\" src=\"http:\/\/blogdorogeriogomes.com.br\/wp-content\/uploads\/2020\/03\/IMG_20200307_063546_332.jpg\" alt=\"\" data-id=\"15810\" data-full-url=\"http:\/\/blogdorogeriogomes.com.br\/wp-content\/uploads\/2020\/03\/IMG_20200307_063546_332.jpg\" data-link=\"http:\/\/blogdorogeriogomes.com.br\/?attachment_id=15810\" class=\"wp-image-15810\" srcset=\"https:\/\/blogdorogeriogomes.com.br\/noticias\/wp-content\/uploads\/2020\/03\/IMG_20200307_063546_332.jpg 555w, https:\/\/blogdorogeriogomes.com.br\/noticias\/wp-content\/uploads\/2020\/03\/IMG_20200307_063546_332-300x198.jpg 300w\" sizes=\"auto, (max-width: 555px) 100vw, 555px\" \/><\/figure><\/li><\/ul><\/figure>\n","protected":false},"excerpt":{"rendered":"<p>O senador cearense Tasso Jereissati (PSDB) resolveu abrir o verbo sobre os sequentes cortes do Programa Bolsa Fam\u00edlia pelo Governo Federal. Tasso anunciou que vai pedir ao Senado a convoca\u00e7\u00e3o do ministro da Cidadania, Onyx Lorenzoni, para esclarecer as informa\u00e7\u00f5es de que a regi\u00e3o Nordeste est\u00e1 sendo discrinada pelo governo de Jair Bolsonaro na distribui\u00e7\u00e3o de recursos do Bolsa Fam\u00edlia.&nbsp; Segundo dados do Minist\u00e9rio da Cidadania, o Nordeste recebeu apenas 3% dos novos benef\u00edcios enquanto Sul e Sudeste responderam&hellip;<\/p>\n","protected":false},"author":1,"featured_media":15810,"comment_status":"open","ping_status":"open","sticky":false,"template":"","format":"standard","meta":{"footnotes":""},"categories":[1],"tags":[],"class_list":["post-15809","post","type-post","status-publish","format-standard","has-post-thumbnail","hentry","category-noticias"],"_links":{"self":[{"href":"https:\/\/blogdorogeriogomes.com.br\/noticias\/wp-json\/wp\/v2\/posts\/15809","targetHints":{"allow":["GET"]}}],"collection":[{"href":"https:\/\/blogdorogeriogomes.com.br\/noticias\/wp-json\/wp\/v2\/posts"}],"about":[{"href":"https:\/\/blogdorogeriogomes.com.br\/noticias\/wp-json\/wp\/v2\/types\/post"}],"author":[{"embeddable":true,"href":"https:\/\/blogdorogeriogomes.com.br\/noticias\/wp-json\/wp\/v2\/users\/1"}],"replies":[{"embeddable":true,"href":"https:\/\/blogdorogeriogomes.com.br\/noticias\/wp-json\/wp\/v2\/comments?post=15809"}],"version-history":[{"count":1,"href":"https:\/\/blogdorogeriogomes.com.br\/noticias\/wp-json\/wp\/v2\/posts\/15809\/revisions"}],"predecessor-version":[{"id":15811,"href":"https:\/\/blogdorogeriogomes.com.br\/noticias\/wp-json\/wp\/v2\/posts\/15809\/revisions\/15811"}],"wp:featuredmedia":[{"embeddable":true,"href":"https:\/\/blogdorogeriogomes.com.br\/noticias\/wp-json\/wp\/v2\/media\/15810"}],"wp:attachment":[{"href":"https:\/\/blogdorogeriogomes.com.br\/noticias\/wp-json\/wp\/v2\/media?parent=15809"}],"wp:term":[{"taxonomy":"category","embeddable":true,"href":"https:\/\/blogdorogeriogomes.com.br\/noticias\/wp-json\/wp\/v2\/categories?post=15809"},{"taxonomy":"post_tag","embeddable":true,"href":"https:\/\/blogdorogeriogomes.com.br\/noticias\/wp-json\/wp\/v2\/tags?post=15809"}],"curies":[{"name":"wp","href":"https:\/\/api.w.org\/{rel}","templated":true}]}}