{"id":15815,"date":"2020-03-08T15:28:12","date_gmt":"2020-03-08T15:28:12","guid":{"rendered":"http:\/\/blogdorogeriogomes.com.br\/?p=15815"},"modified":"2020-03-09T12:22:48","modified_gmt":"2020-03-09T12:22:48","slug":"congressistas-prometem-reagir-a-convocacao-de-bolsonaro-para-protestos-do-dia-15-de-marco","status":"publish","type":"post","link":"https:\/\/blogdorogeriogomes.com.br\/noticias\/2020\/03\/congressistas-prometem-reagir-a-convocacao-de-bolsonaro-para-protestos-do-dia-15-de-marco\/","title":{"rendered":"Congressistas prometem reagir \u00e0 convoca\u00e7\u00e3o de Bolsonaro para protestos do dia 15 de mar\u00e7o"},"content":{"rendered":"\n<p>Ap\u00f3s convocar os apoiadores a participarem dos protestos do dia 15 de mar\u00e7o contro o STF e o Congresso Nacional, o presidente Jair Bolsonaro deixou parlamentares em &#8220;p\u00e9 de guerra&#8221;. O presidente da C\u00e2mara dos Deputados, Rodrigo Maia, levanta o tom nas cr\u00edticas a Bolsonaro. Afinal, o parlamentar tem sido um dos principais alvos das redes sociais de apoiadores do governo.<br>\nO estranho da forma de Bolsonaro conduzir a rela\u00e7\u00e3o com Maia \u00e9 o fato de que tem reca\u00eddo sobre o presidente da C\u00e2mara toda a responsabilidade de tocar as reformas no Congresso. Sem a articula\u00e7\u00e3o dele, por exemplo, a reforma da Previd\u00eancia n\u00e3o tinha sa\u00eddo. O poder de articula\u00e7\u00e3o pol\u00edtica do Governo Federal no Congresso \u00e9 comprovadamente p\u00edfio. \u201cFoi o Parlamento quem colocou a pauta e tocou a pauta\u201d, disse Maia.<br>\nA avalia\u00e7\u00e3o de Rodrigo Maia \u00e9 que o entorno do Governo Bolsonaro tem uma estrutura para \u201cviralizar o \u00f3dio\u201d por meio de fake news e que o Presidente afasta investidores ao gerar incertezas sobre seus compromissos com a democracia e o meio ambiente. &nbsp;\u201cO governo gera uma inseguran\u00e7a grande para sociedade e para os investidores. As pessoas est\u00e3o deixando de investir pela quest\u00e3o do meio ambiente e pela quest\u00e3o democr\u00e1tica\u201d, completou o presidente da C\u00e2mara Federal.<\/p>\n\n\n\n<figure class=\"wp-block-gallery columns-1 is-cropped wp-block-gallery-1 is-layout-flex wp-block-gallery-is-layout-flex\"><ul class=\"blocks-gallery-grid\"><li class=\"blocks-gallery-item\"><figure><img loading=\"lazy\" decoding=\"async\" width=\"600\" height=\"453\" src=\"http:\/\/blogdorogeriogomes.com.br\/wp-content\/uploads\/2020\/03\/IMG_20200308_121447_333.jpg\" alt=\"\" data-id=\"15816\" data-full-url=\"http:\/\/blogdorogeriogomes.com.br\/wp-content\/uploads\/2020\/03\/IMG_20200308_121447_333.jpg\" data-link=\"http:\/\/blogdorogeriogomes.com.br\/?attachment_id=15816\" class=\"wp-image-15816\" srcset=\"https:\/\/blogdorogeriogomes.com.br\/noticias\/wp-content\/uploads\/2020\/03\/IMG_20200308_121447_333.jpg 600w, https:\/\/blogdorogeriogomes.com.br\/noticias\/wp-content\/uploads\/2020\/03\/IMG_20200308_121447_333-300x227.jpg 300w\" sizes=\"auto, (max-width: 600px) 100vw, 600px\" \/><\/figure><\/li><\/ul><\/figure>\n","protected":false},"excerpt":{"rendered":"<p>Ap\u00f3s convocar os apoiadores a participarem dos protestos do dia 15 de mar\u00e7o contro o STF e o Congresso Nacional, o presidente Jair Bolsonaro deixou parlamentares em &#8220;p\u00e9 de guerra&#8221;. O presidente da C\u00e2mara dos Deputados, Rodrigo Maia, levanta o tom nas cr\u00edticas a Bolsonaro. Afinal, o parlamentar tem sido um dos principais alvos das redes sociais de apoiadores do governo. O estranho da forma de Bolsonaro conduzir a rela\u00e7\u00e3o com Maia \u00e9 o fato de que tem reca\u00eddo&hellip;<\/p>\n","protected":false},"author":1,"featured_media":15816,"comment_status":"open","ping_status":"open","sticky":false,"template":"","format":"standard","meta":{"footnotes":""},"categories":[1],"tags":[],"class_list":["post-15815","post","type-post","status-publish","format-standard","has-post-thumbnail","hentry","category-noticias"],"_links":{"self":[{"href":"https:\/\/blogdorogeriogomes.com.br\/noticias\/wp-json\/wp\/v2\/posts\/15815","targetHints":{"allow":["GET"]}}],"collection":[{"href":"https:\/\/blogdorogeriogomes.com.br\/noticias\/wp-json\/wp\/v2\/posts"}],"about":[{"href":"https:\/\/blogdorogeriogomes.com.br\/noticias\/wp-json\/wp\/v2\/types\/post"}],"author":[{"embeddable":true,"href":"https:\/\/blogdorogeriogomes.com.br\/noticias\/wp-json\/wp\/v2\/users\/1"}],"replies":[{"embeddable":true,"href":"https:\/\/blogdorogeriogomes.com.br\/noticias\/wp-json\/wp\/v2\/comments?post=15815"}],"version-history":[{"count":1,"href":"https:\/\/blogdorogeriogomes.com.br\/noticias\/wp-json\/wp\/v2\/posts\/15815\/revisions"}],"predecessor-version":[{"id":15817,"href":"https:\/\/blogdorogeriogomes.com.br\/noticias\/wp-json\/wp\/v2\/posts\/15815\/revisions\/15817"}],"wp:featuredmedia":[{"embeddable":true,"href":"https:\/\/blogdorogeriogomes.com.br\/noticias\/wp-json\/wp\/v2\/media\/15816"}],"wp:attachment":[{"href":"https:\/\/blogdorogeriogomes.com.br\/noticias\/wp-json\/wp\/v2\/media?parent=15815"}],"wp:term":[{"taxonomy":"category","embeddable":true,"href":"https:\/\/blogdorogeriogomes.com.br\/noticias\/wp-json\/wp\/v2\/categories?post=15815"},{"taxonomy":"post_tag","embeddable":true,"href":"https:\/\/blogdorogeriogomes.com.br\/noticias\/wp-json\/wp\/v2\/tags?post=15815"}],"curies":[{"name":"wp","href":"https:\/\/api.w.org\/{rel}","templated":true}]}}