{"id":15825,"date":"2020-03-09T18:19:35","date_gmt":"2020-03-09T18:19:35","guid":{"rendered":"http:\/\/blogdorogeriogomes.com.br\/?p=15825"},"modified":"2020-03-10T12:57:11","modified_gmt":"2020-03-10T12:57:11","slug":"audiencia-publica-debate-a-inclusao-de-profissionais-de-psicologia-e-servico-social-nas-escolas-publicas","status":"publish","type":"post","link":"https:\/\/blogdorogeriogomes.com.br\/noticias\/2020\/03\/audiencia-publica-debate-a-inclusao-de-profissionais-de-psicologia-e-servico-social-nas-escolas-publicas\/","title":{"rendered":"Audi\u00eancia p\u00fablica debate a inclus\u00e3o de profissionais de Psicologia e Servi\u00e7o Social nas escolas p\u00fablicas"},"content":{"rendered":"\n<p>A C\u00e2mara Municipal de Fortaleza debate, nesta ter\u00e7a-feira, dia 10 de mar\u00e7o, o Projeto de Lei n\u00ba 3688\/200, rec\u00e9m-aprovado pelo Congresso Nacional, que garante a inclus\u00e3o de profissionais de Psicologia e de Servi\u00e7o Social nas redes p\u00fablicas de Educa\u00e7\u00e3o B\u00e1sica no pa\u00eds. O evento ocorre por requerimento de autoria do vereador Evaldo Lima. <\/p>\n\n\n\n<figure class=\"wp-block-gallery columns-1 is-cropped wp-block-gallery-1 is-layout-flex wp-block-gallery-is-layout-flex\"><ul class=\"blocks-gallery-grid\"><li class=\"blocks-gallery-item\"><figure><img loading=\"lazy\" decoding=\"async\" width=\"1024\" height=\"682\" src=\"http:\/\/blogdorogeriogomes.com.br\/wp-content\/uploads\/2020\/03\/L48A4130-1024x682-1.jpg\" alt=\"\" data-id=\"15826\" data-full-url=\"http:\/\/blogdorogeriogomes.com.br\/wp-content\/uploads\/2020\/03\/L48A4130-1024x682-1.jpg\" data-link=\"http:\/\/blogdorogeriogomes.com.br\/?attachment_id=15826\" class=\"wp-image-15826\" srcset=\"https:\/\/blogdorogeriogomes.com.br\/noticias\/wp-content\/uploads\/2020\/03\/L48A4130-1024x682-1.jpg 1024w, https:\/\/blogdorogeriogomes.com.br\/noticias\/wp-content\/uploads\/2020\/03\/L48A4130-1024x682-1-300x200.jpg 300w, https:\/\/blogdorogeriogomes.com.br\/noticias\/wp-content\/uploads\/2020\/03\/L48A4130-1024x682-1-768x512.jpg 768w, https:\/\/blogdorogeriogomes.com.br\/noticias\/wp-content\/uploads\/2020\/03\/L48A4130-1024x682-1-800x533.jpg 800w\" sizes=\"auto, (max-width: 1024px) 100vw, 1024px\" \/><\/figure><\/li><\/ul><\/figure>\n\n\n\n<p>Na ocasi\u00e3o, v\u00e3o estar reunidos representantes de Sindicato dos Psic\u00f3logos do Estado do Cear\u00e1, Conselho Regional de Psicologia, Sindicato dos Assistentes Sociais do Estado do Cear\u00e1 e Conselho Regional de Servi\u00e7o Social, como tamb\u00e9m gestores da Educa\u00e7\u00e3o na cidade de Fortaleza. <\/p>\n\n\n\n<p>Em novembro de 2019, o Congresso Nacional derrubou o veto integral do presidente Jair Bolsonaro \u00e0 proposta que garante atendimento por profissionais de psicologia e servi\u00e7o social aos alunos das escolas p\u00fablicas. Assim, o texto do PLC 60\/2007 (PL 3.688\/2000 na C\u00e2mara dos Deputados) voltou a valer ap\u00f3s a aprova\u00e7\u00e3o em setembro pelos deputados. Conforme aponta o texto legislativo, as equipes com estes profissionais devem atender aos estudantes de Ensino Fundamental e Ensino M\u00e9dio com o objetivo de melhorar o processo de aprendizagem e das rela\u00e7\u00f5es entre alunos, professores e comunidade escolar.<\/p>\n","protected":false},"excerpt":{"rendered":"<p>A C\u00e2mara Municipal de Fortaleza debate, nesta ter\u00e7a-feira, dia 10 de mar\u00e7o, o Projeto de Lei n\u00ba 3688\/200, rec\u00e9m-aprovado pelo Congresso Nacional, que garante a inclus\u00e3o de profissionais de Psicologia e de Servi\u00e7o Social nas redes p\u00fablicas de Educa\u00e7\u00e3o B\u00e1sica no pa\u00eds. O evento ocorre por requerimento de autoria do vereador Evaldo Lima. Na ocasi\u00e3o, v\u00e3o estar reunidos representantes de Sindicato dos Psic\u00f3logos do Estado do Cear\u00e1, Conselho Regional de Psicologia, Sindicato dos Assistentes Sociais do Estado do Cear\u00e1&hellip;<\/p>\n","protected":false},"author":1,"featured_media":15826,"comment_status":"open","ping_status":"open","sticky":false,"template":"","format":"standard","meta":{"footnotes":""},"categories":[1],"tags":[],"class_list":["post-15825","post","type-post","status-publish","format-standard","has-post-thumbnail","hentry","category-noticias"],"_links":{"self":[{"href":"https:\/\/blogdorogeriogomes.com.br\/noticias\/wp-json\/wp\/v2\/posts\/15825","targetHints":{"allow":["GET"]}}],"collection":[{"href":"https:\/\/blogdorogeriogomes.com.br\/noticias\/wp-json\/wp\/v2\/posts"}],"about":[{"href":"https:\/\/blogdorogeriogomes.com.br\/noticias\/wp-json\/wp\/v2\/types\/post"}],"author":[{"embeddable":true,"href":"https:\/\/blogdorogeriogomes.com.br\/noticias\/wp-json\/wp\/v2\/users\/1"}],"replies":[{"embeddable":true,"href":"https:\/\/blogdorogeriogomes.com.br\/noticias\/wp-json\/wp\/v2\/comments?post=15825"}],"version-history":[{"count":1,"href":"https:\/\/blogdorogeriogomes.com.br\/noticias\/wp-json\/wp\/v2\/posts\/15825\/revisions"}],"predecessor-version":[{"id":15827,"href":"https:\/\/blogdorogeriogomes.com.br\/noticias\/wp-json\/wp\/v2\/posts\/15825\/revisions\/15827"}],"wp:featuredmedia":[{"embeddable":true,"href":"https:\/\/blogdorogeriogomes.com.br\/noticias\/wp-json\/wp\/v2\/media\/15826"}],"wp:attachment":[{"href":"https:\/\/blogdorogeriogomes.com.br\/noticias\/wp-json\/wp\/v2\/media?parent=15825"}],"wp:term":[{"taxonomy":"category","embeddable":true,"href":"https:\/\/blogdorogeriogomes.com.br\/noticias\/wp-json\/wp\/v2\/categories?post=15825"},{"taxonomy":"post_tag","embeddable":true,"href":"https:\/\/blogdorogeriogomes.com.br\/noticias\/wp-json\/wp\/v2\/tags?post=15825"}],"curies":[{"name":"wp","href":"https:\/\/api.w.org\/{rel}","templated":true}]}}