{"id":15831,"date":"2020-03-09T23:28:43","date_gmt":"2020-03-09T23:28:43","guid":{"rendered":"http:\/\/blogdorogeriogomes.com.br\/?p=15831"},"modified":"2020-03-10T12:54:11","modified_gmt":"2020-03-10T12:54:11","slug":"roberto-claudio-assina-ordem-de-servicos-para-obras-do-parque-rachel-de-queiroz","status":"publish","type":"post","link":"https:\/\/blogdorogeriogomes.com.br\/noticias\/2020\/03\/roberto-claudio-assina-ordem-de-servicos-para-obras-do-parque-rachel-de-queiroz\/","title":{"rendered":"Roberto Cl\u00e1udio assina ordem de servi\u00e7os para obras do Parque Rachel de Queiroz"},"content":{"rendered":"\n<p>O prefeito de Fortaleza, Roberto Cl\u00e1udio, assina, nesta ter\u00e7a-feira, dia 10 de mar\u00e7o, a ordem de servi\u00e7o para o in\u00edcio das obras da 1\u00aa etapa do Parque Rachel de Queiroz, que compreende os trechos 1, 2, 5 e 6, situados nos bairros Ellery (Regional I) e Presidente Kennedy (Regional III). A requalifica\u00e7\u00e3o do parque faz parte do Programa Fortaleza Cidade Sustent\u00e1vel, iniciativa que visa a integra\u00e7\u00e3o dos ambientes natural e constru\u00eddo da cidade de Fortaleza, impactando de forma positiva na qualidade de vida da popula\u00e7\u00e3o.<br>\nAp\u00f3s a interven\u00e7\u00e3o, os trechos 1 e 2, localizados no bairro Ellery, contar\u00e3o com quadra poliesportiva, espa\u00e7o voltado para a leitura, biciclet\u00e1rio, esta\u00e7\u00e3o do Bicicletar, academia ao ar livre e skatepark, ambiente recreativo voltado para a pr\u00e1tica do skate. J\u00e1 os trechos 5 e 6 ser\u00e3o contemplados com campo e quadra de futebol, quadra de v\u00f4lei de areia, equipamentos para a pr\u00e1tica de alongamento, biciclet\u00e1rio, playground, espa\u00e7o voltado para a leitura, vagas para estacionamento e espiribol.<br>\nA requalifica\u00e7\u00e3o do Parque Rachel de Queiroz ser\u00e1 financiada por meio da contrata\u00e7\u00e3o de opera\u00e7\u00e3o de cr\u00e9dito externo com o Banco Internacional para Reconstru\u00e7\u00e3o e Desenvolvimento (BIRD \u2013 Banco Mundial), no valor de US$ 73,3 milh\u00f5es.<\/p>\n\n\n\n<figure class=\"wp-block-gallery columns-1 is-cropped wp-block-gallery-1 is-layout-flex wp-block-gallery-is-layout-flex\"><ul class=\"blocks-gallery-grid\"><li class=\"blocks-gallery-item\"><figure><img loading=\"lazy\" decoding=\"async\" width=\"1024\" height=\"683\" src=\"http:\/\/blogdorogeriogomes.com.br\/wp-content\/uploads\/2020\/03\/parqueracheldequeiroz.kaio_.jpg\" alt=\"\" data-id=\"15832\" data-full-url=\"http:\/\/blogdorogeriogomes.com.br\/wp-content\/uploads\/2020\/03\/parqueracheldequeiroz.kaio_.jpg\" data-link=\"http:\/\/blogdorogeriogomes.com.br\/?attachment_id=15832\" class=\"wp-image-15832\" srcset=\"https:\/\/blogdorogeriogomes.com.br\/noticias\/wp-content\/uploads\/2020\/03\/parqueracheldequeiroz.kaio_.jpg 1024w, https:\/\/blogdorogeriogomes.com.br\/noticias\/wp-content\/uploads\/2020\/03\/parqueracheldequeiroz.kaio_-300x200.jpg 300w, https:\/\/blogdorogeriogomes.com.br\/noticias\/wp-content\/uploads\/2020\/03\/parqueracheldequeiroz.kaio_-768x512.jpg 768w, https:\/\/blogdorogeriogomes.com.br\/noticias\/wp-content\/uploads\/2020\/03\/parqueracheldequeiroz.kaio_-800x534.jpg 800w\" sizes=\"auto, (max-width: 1024px) 100vw, 1024px\" \/><\/figure><\/li><\/ul><\/figure>\n","protected":false},"excerpt":{"rendered":"<p>O prefeito de Fortaleza, Roberto Cl\u00e1udio, assina, nesta ter\u00e7a-feira, dia 10 de mar\u00e7o, a ordem de servi\u00e7o para o in\u00edcio das obras da 1\u00aa etapa do Parque Rachel de Queiroz, que compreende os trechos 1, 2, 5 e 6, situados nos bairros Ellery (Regional I) e Presidente Kennedy (Regional III). A requalifica\u00e7\u00e3o do parque faz parte do Programa Fortaleza Cidade Sustent\u00e1vel, iniciativa que visa a integra\u00e7\u00e3o dos ambientes natural e constru\u00eddo da cidade de Fortaleza, impactando de forma positiva&hellip;<\/p>\n","protected":false},"author":1,"featured_media":15832,"comment_status":"open","ping_status":"open","sticky":false,"template":"","format":"standard","meta":{"footnotes":""},"categories":[1],"tags":[],"class_list":["post-15831","post","type-post","status-publish","format-standard","has-post-thumbnail","hentry","category-noticias"],"_links":{"self":[{"href":"https:\/\/blogdorogeriogomes.com.br\/noticias\/wp-json\/wp\/v2\/posts\/15831","targetHints":{"allow":["GET"]}}],"collection":[{"href":"https:\/\/blogdorogeriogomes.com.br\/noticias\/wp-json\/wp\/v2\/posts"}],"about":[{"href":"https:\/\/blogdorogeriogomes.com.br\/noticias\/wp-json\/wp\/v2\/types\/post"}],"author":[{"embeddable":true,"href":"https:\/\/blogdorogeriogomes.com.br\/noticias\/wp-json\/wp\/v2\/users\/1"}],"replies":[{"embeddable":true,"href":"https:\/\/blogdorogeriogomes.com.br\/noticias\/wp-json\/wp\/v2\/comments?post=15831"}],"version-history":[{"count":1,"href":"https:\/\/blogdorogeriogomes.com.br\/noticias\/wp-json\/wp\/v2\/posts\/15831\/revisions"}],"predecessor-version":[{"id":15833,"href":"https:\/\/blogdorogeriogomes.com.br\/noticias\/wp-json\/wp\/v2\/posts\/15831\/revisions\/15833"}],"wp:featuredmedia":[{"embeddable":true,"href":"https:\/\/blogdorogeriogomes.com.br\/noticias\/wp-json\/wp\/v2\/media\/15832"}],"wp:attachment":[{"href":"https:\/\/blogdorogeriogomes.com.br\/noticias\/wp-json\/wp\/v2\/media?parent=15831"}],"wp:term":[{"taxonomy":"category","embeddable":true,"href":"https:\/\/blogdorogeriogomes.com.br\/noticias\/wp-json\/wp\/v2\/categories?post=15831"},{"taxonomy":"post_tag","embeddable":true,"href":"https:\/\/blogdorogeriogomes.com.br\/noticias\/wp-json\/wp\/v2\/tags?post=15831"}],"curies":[{"name":"wp","href":"https:\/\/api.w.org\/{rel}","templated":true}]}}