{"id":15834,"date":"2020-03-10T10:27:03","date_gmt":"2020-03-10T10:27:03","guid":{"rendered":"http:\/\/blogdorogeriogomes.com.br\/?p=15834"},"modified":"2020-03-10T12:55:06","modified_gmt":"2020-03-10T12:55:06","slug":"novos-servidores-da-secretaria-de-cultura-do-ceara-sao-empossados-no-palacio-da-abolicao","status":"publish","type":"post","link":"https:\/\/blogdorogeriogomes.com.br\/noticias\/2020\/03\/novos-servidores-da-secretaria-de-cultura-do-ceara-sao-empossados-no-palacio-da-abolicao\/","title":{"rendered":"Novos servidores da Secretaria de Cultura do Cear\u00e1 s\u00e3o empossados no Pal\u00e1cio da Aboli\u00e7\u00e3o"},"content":{"rendered":"\n<p>O governador do Cear\u00e1, Camilo Santana, e o secret\u00e1rio de Cultura do Cear\u00e1, Fabiano Pi\u00faba, empossam os novos servidores da Secretaria da Cultura do Estado do Cear\u00e1, nesta ter\u00e7a-feira, dia 10 de mar\u00e7o. S\u00e3o 96 novos servidores da Secult que participam da solenidade de posse no Pal\u00e1cio da Aboli\u00e7\u00e3o.<br>\nTodos os servidores passaram por concurso p\u00fablico e v\u00e3o atuar nas carreiras de analista de cultura nas \u00e1reas de Artes C\u00eanicas, Dan\u00e7a, Artes Pl\u00e1sticas, Cinema, Letras, M\u00fasica, Hist\u00f3ria, Biblioteconomia, Museologia, Arquivologia, Antropologia, Sociologia, Pedagogia, Comunica\u00e7\u00e3o Social e M\u00eddias Sociais, al\u00e9m de Arquitetura, Engenharia e Conserva\u00e7\u00e3o de analista de patrim\u00f4nio cultural. <br>\nDe acordo com o secret\u00e1rio Fabiano Pi\u00faba, o refor\u00e7o dos novos servidores s\u00f3 vai garantir melhoria nos servi\u00e7os prestados pela Secult. &#8220;Este foi um compromisso pol\u00edtica e institucional do governador Camilo Santana. A chegada dos novos servidores vem qualificar ainda mais as pol\u00edticas culturais do Estado&#8221;, disse o secret\u00e1rio da Secult.<\/p>\n\n\n\n<figure class=\"wp-block-gallery columns-1 is-cropped wp-block-gallery-1 is-layout-flex wp-block-gallery-is-layout-flex\"><ul class=\"blocks-gallery-grid\"><li class=\"blocks-gallery-item\"><figure><img loading=\"lazy\" decoding=\"async\" width=\"679\" height=\"452\" src=\"http:\/\/blogdorogeriogomes.com.br\/wp-content\/uploads\/2020\/03\/images-48.jpeg\" alt=\"\" data-id=\"15835\" data-full-url=\"http:\/\/blogdorogeriogomes.com.br\/wp-content\/uploads\/2020\/03\/images-48.jpeg\" data-link=\"http:\/\/blogdorogeriogomes.com.br\/?attachment_id=15835\" class=\"wp-image-15835\" srcset=\"https:\/\/blogdorogeriogomes.com.br\/noticias\/wp-content\/uploads\/2020\/03\/images-48.jpeg 679w, https:\/\/blogdorogeriogomes.com.br\/noticias\/wp-content\/uploads\/2020\/03\/images-48-300x200.jpeg 300w\" sizes=\"auto, (max-width: 679px) 100vw, 679px\" \/><\/figure><\/li><\/ul><\/figure>\n","protected":false},"excerpt":{"rendered":"<p>O governador do Cear\u00e1, Camilo Santana, e o secret\u00e1rio de Cultura do Cear\u00e1, Fabiano Pi\u00faba, empossam os novos servidores da Secretaria da Cultura do Estado do Cear\u00e1, nesta ter\u00e7a-feira, dia 10 de mar\u00e7o. S\u00e3o 96 novos servidores da Secult que participam da solenidade de posse no Pal\u00e1cio da Aboli\u00e7\u00e3o. Todos os servidores passaram por concurso p\u00fablico e v\u00e3o atuar nas carreiras de analista de cultura nas \u00e1reas de Artes C\u00eanicas, Dan\u00e7a, Artes Pl\u00e1sticas, Cinema, Letras, M\u00fasica, Hist\u00f3ria, Biblioteconomia, Museologia,&hellip;<\/p>\n","protected":false},"author":1,"featured_media":15835,"comment_status":"open","ping_status":"open","sticky":false,"template":"","format":"standard","meta":{"footnotes":""},"categories":[1],"tags":[],"class_list":["post-15834","post","type-post","status-publish","format-standard","has-post-thumbnail","hentry","category-noticias"],"_links":{"self":[{"href":"https:\/\/blogdorogeriogomes.com.br\/noticias\/wp-json\/wp\/v2\/posts\/15834","targetHints":{"allow":["GET"]}}],"collection":[{"href":"https:\/\/blogdorogeriogomes.com.br\/noticias\/wp-json\/wp\/v2\/posts"}],"about":[{"href":"https:\/\/blogdorogeriogomes.com.br\/noticias\/wp-json\/wp\/v2\/types\/post"}],"author":[{"embeddable":true,"href":"https:\/\/blogdorogeriogomes.com.br\/noticias\/wp-json\/wp\/v2\/users\/1"}],"replies":[{"embeddable":true,"href":"https:\/\/blogdorogeriogomes.com.br\/noticias\/wp-json\/wp\/v2\/comments?post=15834"}],"version-history":[{"count":1,"href":"https:\/\/blogdorogeriogomes.com.br\/noticias\/wp-json\/wp\/v2\/posts\/15834\/revisions"}],"predecessor-version":[{"id":15836,"href":"https:\/\/blogdorogeriogomes.com.br\/noticias\/wp-json\/wp\/v2\/posts\/15834\/revisions\/15836"}],"wp:featuredmedia":[{"embeddable":true,"href":"https:\/\/blogdorogeriogomes.com.br\/noticias\/wp-json\/wp\/v2\/media\/15835"}],"wp:attachment":[{"href":"https:\/\/blogdorogeriogomes.com.br\/noticias\/wp-json\/wp\/v2\/media?parent=15834"}],"wp:term":[{"taxonomy":"category","embeddable":true,"href":"https:\/\/blogdorogeriogomes.com.br\/noticias\/wp-json\/wp\/v2\/categories?post=15834"},{"taxonomy":"post_tag","embeddable":true,"href":"https:\/\/blogdorogeriogomes.com.br\/noticias\/wp-json\/wp\/v2\/tags?post=15834"}],"curies":[{"name":"wp","href":"https:\/\/api.w.org\/{rel}","templated":true}]}}