{"id":15849,"date":"2020-03-11T11:21:15","date_gmt":"2020-03-11T11:21:15","guid":{"rendered":"http:\/\/blogdorogeriogomes.com.br\/?p=15849"},"modified":"2020-03-11T16:56:52","modified_gmt":"2020-03-11T16:56:52","slug":"turma-de-82-novos-guardas-municipais-toma-posse-em-fortaleza-nesta-quarta-feira","status":"publish","type":"post","link":"https:\/\/blogdorogeriogomes.com.br\/noticias\/2020\/03\/turma-de-82-novos-guardas-municipais-toma-posse-em-fortaleza-nesta-quarta-feira\/","title":{"rendered":"Turma de 82 novos guardas municipais toma posse em Fortaleza nesta quarta-feira"},"content":{"rendered":"\n<p>Uma turma de 82 novos guardas municipais ser\u00e1 empossada, nesta quarta-feira, dia 11 de mar\u00e7o, em Fortaleza. A cerim\u00f4nia de posse acontece na Secretaria Municipal da Seguran\u00e7a Cidad\u00e3. Desde julho de 2015, a Prefeitura de Fortaleza j\u00e1 empossou 1.362 guardas municipais.<br>\nOs novos servidores v\u00e3o atuar nas C\u00e9lulas de Prote\u00e7\u00e3o Comunit\u00e1ria do Programa Municipal de Prote\u00e7\u00e3o Urbana instaladas em bairros da Capital, em situa\u00e7\u00e3o de maior vulnerabilidade social. As C\u00e9lulas t\u00eam contribu\u00eddo no refor\u00e7o da seguran\u00e7a p\u00fablica, em conjunto com as Pol\u00edcias Militar e Civil.<\/p>\n\n\n\n<figure class=\"wp-block-gallery columns-1 is-cropped wp-block-gallery-1 is-layout-flex wp-block-gallery-is-layout-flex\"><ul class=\"blocks-gallery-grid\"><li class=\"blocks-gallery-item\"><figure><img loading=\"lazy\" decoding=\"async\" width=\"1024\" height=\"606\" src=\"http:\/\/blogdorogeriogomes.com.br\/wp-content\/uploads\/2020\/03\/12-1024x606.jpg\" alt=\"\" data-id=\"15850\" data-full-url=\"http:\/\/blogdorogeriogomes.com.br\/wp-content\/uploads\/2020\/03\/12-scaled.jpg\" data-link=\"http:\/\/blogdorogeriogomes.com.br\/?attachment_id=15850\" class=\"wp-image-15850\" srcset=\"https:\/\/blogdorogeriogomes.com.br\/noticias\/wp-content\/uploads\/2020\/03\/12-1024x606.jpg 1024w, https:\/\/blogdorogeriogomes.com.br\/noticias\/wp-content\/uploads\/2020\/03\/12-300x178.jpg 300w, https:\/\/blogdorogeriogomes.com.br\/noticias\/wp-content\/uploads\/2020\/03\/12-768x455.jpg 768w, https:\/\/blogdorogeriogomes.com.br\/noticias\/wp-content\/uploads\/2020\/03\/12-1536x910.jpg 1536w, https:\/\/blogdorogeriogomes.com.br\/noticias\/wp-content\/uploads\/2020\/03\/12-2048x1213.jpg 2048w, https:\/\/blogdorogeriogomes.com.br\/noticias\/wp-content\/uploads\/2020\/03\/12-800x474.jpg 800w\" sizes=\"auto, (max-width: 1024px) 100vw, 1024px\" \/><\/figure><\/li><\/ul><\/figure>\n","protected":false},"excerpt":{"rendered":"<p>Uma turma de 82 novos guardas municipais ser\u00e1 empossada, nesta quarta-feira, dia 11 de mar\u00e7o, em Fortaleza. A cerim\u00f4nia de posse acontece na Secretaria Municipal da Seguran\u00e7a Cidad\u00e3. Desde julho de 2015, a Prefeitura de Fortaleza j\u00e1 empossou 1.362 guardas municipais. Os novos servidores v\u00e3o atuar nas C\u00e9lulas de Prote\u00e7\u00e3o Comunit\u00e1ria do Programa Municipal de Prote\u00e7\u00e3o Urbana instaladas em bairros da Capital, em situa\u00e7\u00e3o de maior vulnerabilidade social. As C\u00e9lulas t\u00eam contribu\u00eddo no refor\u00e7o da seguran\u00e7a p\u00fablica, em conjunto&hellip;<\/p>\n","protected":false},"author":1,"featured_media":15850,"comment_status":"open","ping_status":"open","sticky":false,"template":"","format":"standard","meta":{"footnotes":""},"categories":[1],"tags":[],"class_list":["post-15849","post","type-post","status-publish","format-standard","has-post-thumbnail","hentry","category-noticias"],"_links":{"self":[{"href":"https:\/\/blogdorogeriogomes.com.br\/noticias\/wp-json\/wp\/v2\/posts\/15849","targetHints":{"allow":["GET"]}}],"collection":[{"href":"https:\/\/blogdorogeriogomes.com.br\/noticias\/wp-json\/wp\/v2\/posts"}],"about":[{"href":"https:\/\/blogdorogeriogomes.com.br\/noticias\/wp-json\/wp\/v2\/types\/post"}],"author":[{"embeddable":true,"href":"https:\/\/blogdorogeriogomes.com.br\/noticias\/wp-json\/wp\/v2\/users\/1"}],"replies":[{"embeddable":true,"href":"https:\/\/blogdorogeriogomes.com.br\/noticias\/wp-json\/wp\/v2\/comments?post=15849"}],"version-history":[{"count":1,"href":"https:\/\/blogdorogeriogomes.com.br\/noticias\/wp-json\/wp\/v2\/posts\/15849\/revisions"}],"predecessor-version":[{"id":15851,"href":"https:\/\/blogdorogeriogomes.com.br\/noticias\/wp-json\/wp\/v2\/posts\/15849\/revisions\/15851"}],"wp:featuredmedia":[{"embeddable":true,"href":"https:\/\/blogdorogeriogomes.com.br\/noticias\/wp-json\/wp\/v2\/media\/15850"}],"wp:attachment":[{"href":"https:\/\/blogdorogeriogomes.com.br\/noticias\/wp-json\/wp\/v2\/media?parent=15849"}],"wp:term":[{"taxonomy":"category","embeddable":true,"href":"https:\/\/blogdorogeriogomes.com.br\/noticias\/wp-json\/wp\/v2\/categories?post=15849"},{"taxonomy":"post_tag","embeddable":true,"href":"https:\/\/blogdorogeriogomes.com.br\/noticias\/wp-json\/wp\/v2\/tags?post=15849"}],"curies":[{"name":"wp","href":"https:\/\/api.w.org\/{rel}","templated":true}]}}