{"id":15852,"date":"2020-03-11T16:37:33","date_gmt":"2020-03-11T16:37:33","guid":{"rendered":"http:\/\/blogdorogeriogomes.com.br\/?p=15852"},"modified":"2020-03-11T16:56:43","modified_gmt":"2020-03-11T16:56:43","slug":"pastor-roque-do-nascimento-e-nomeado-como-novo-reitor-da-unilab-em-redencao","status":"publish","type":"post","link":"https:\/\/blogdorogeriogomes.com.br\/noticias\/2020\/03\/pastor-roque-do-nascimento-e-nomeado-como-novo-reitor-da-unilab-em-redencao\/","title":{"rendered":"Pastor Roque do Nascimento \u00e9 nomeado como novo reitor da Unilab em Reden\u00e7\u00e3o"},"content":{"rendered":"\n<p>O professor e pastor Roque do Nascimento Albuquerque foi nomeado pelo presidente Jair Bolsonaro como novo reitor&nbsp;&#8220;pro tempore&#8221; da Universidade da Integra\u00e7\u00e3o Internacional da Lusofonia Afro-Brasileira (Unilab), em Reden\u00e7\u00e3o (CE). Ele&nbsp;assume no lugar do professor do curso de engenharia, Alexandre Cunha, que ocupava o cargo tamb\u00e9m na condi\u00e7\u00e3o de reitor tempor\u00e1rio desde agosto de 2018.&nbsp;&nbsp;<br>\nSegundo o reitor que est\u00e1 saindo do cargo, a nomea\u00e7\u00e3o do pastor n\u00e3o segue um crit\u00e9rio t\u00e9cnico e teria como motiva\u00e7\u00e3o um pedido pol\u00edtico do deputado federal cearense Jaziel Pereira (PR).<\/p>\n\n\n\n<figure class=\"wp-block-gallery columns-1 is-cropped wp-block-gallery-1 is-layout-flex wp-block-gallery-is-layout-flex\"><ul class=\"blocks-gallery-grid\"><li class=\"blocks-gallery-item\"><figure><img loading=\"lazy\" decoding=\"async\" width=\"678\" height=\"452\" src=\"http:\/\/blogdorogeriogomes.com.br\/wp-content\/uploads\/2020\/03\/images-51.jpeg\" alt=\"\" data-id=\"15853\" data-full-url=\"http:\/\/blogdorogeriogomes.com.br\/wp-content\/uploads\/2020\/03\/images-51.jpeg\" data-link=\"http:\/\/blogdorogeriogomes.com.br\/?attachment_id=15853\" class=\"wp-image-15853\" srcset=\"https:\/\/blogdorogeriogomes.com.br\/noticias\/wp-content\/uploads\/2020\/03\/images-51.jpeg 678w, https:\/\/blogdorogeriogomes.com.br\/noticias\/wp-content\/uploads\/2020\/03\/images-51-300x200.jpeg 300w\" sizes=\"auto, (max-width: 678px) 100vw, 678px\" \/><\/figure><\/li><\/ul><\/figure>\n","protected":false},"excerpt":{"rendered":"<p>O professor e pastor Roque do Nascimento Albuquerque foi nomeado pelo presidente Jair Bolsonaro como novo reitor&nbsp;&#8220;pro tempore&#8221; da Universidade da Integra\u00e7\u00e3o Internacional da Lusofonia Afro-Brasileira (Unilab), em Reden\u00e7\u00e3o (CE). Ele&nbsp;assume no lugar do professor do curso de engenharia, Alexandre Cunha, que ocupava o cargo tamb\u00e9m na condi\u00e7\u00e3o de reitor tempor\u00e1rio desde agosto de 2018.&nbsp;&nbsp; Segundo o reitor que est\u00e1 saindo do cargo, a nomea\u00e7\u00e3o do pastor n\u00e3o segue um crit\u00e9rio t\u00e9cnico e teria como motiva\u00e7\u00e3o um pedido pol\u00edtico&hellip;<\/p>\n","protected":false},"author":1,"featured_media":15853,"comment_status":"open","ping_status":"open","sticky":false,"template":"","format":"standard","meta":{"footnotes":""},"categories":[1],"tags":[],"class_list":["post-15852","post","type-post","status-publish","format-standard","has-post-thumbnail","hentry","category-noticias"],"_links":{"self":[{"href":"https:\/\/blogdorogeriogomes.com.br\/noticias\/wp-json\/wp\/v2\/posts\/15852","targetHints":{"allow":["GET"]}}],"collection":[{"href":"https:\/\/blogdorogeriogomes.com.br\/noticias\/wp-json\/wp\/v2\/posts"}],"about":[{"href":"https:\/\/blogdorogeriogomes.com.br\/noticias\/wp-json\/wp\/v2\/types\/post"}],"author":[{"embeddable":true,"href":"https:\/\/blogdorogeriogomes.com.br\/noticias\/wp-json\/wp\/v2\/users\/1"}],"replies":[{"embeddable":true,"href":"https:\/\/blogdorogeriogomes.com.br\/noticias\/wp-json\/wp\/v2\/comments?post=15852"}],"version-history":[{"count":1,"href":"https:\/\/blogdorogeriogomes.com.br\/noticias\/wp-json\/wp\/v2\/posts\/15852\/revisions"}],"predecessor-version":[{"id":15854,"href":"https:\/\/blogdorogeriogomes.com.br\/noticias\/wp-json\/wp\/v2\/posts\/15852\/revisions\/15854"}],"wp:featuredmedia":[{"embeddable":true,"href":"https:\/\/blogdorogeriogomes.com.br\/noticias\/wp-json\/wp\/v2\/media\/15853"}],"wp:attachment":[{"href":"https:\/\/blogdorogeriogomes.com.br\/noticias\/wp-json\/wp\/v2\/media?parent=15852"}],"wp:term":[{"taxonomy":"category","embeddable":true,"href":"https:\/\/blogdorogeriogomes.com.br\/noticias\/wp-json\/wp\/v2\/categories?post=15852"},{"taxonomy":"post_tag","embeddable":true,"href":"https:\/\/blogdorogeriogomes.com.br\/noticias\/wp-json\/wp\/v2\/tags?post=15852"}],"curies":[{"name":"wp","href":"https:\/\/api.w.org\/{rel}","templated":true}]}}