{"id":15861,"date":"2020-03-12T11:22:32","date_gmt":"2020-03-12T11:22:32","guid":{"rendered":"http:\/\/blogdorogeriogomes.com.br\/?p=15861"},"modified":"2020-03-12T12:56:29","modified_gmt":"2020-03-12T12:56:29","slug":"policia-civil-do-ceara-realiza-operacao-para-prender-membros-de-faccao-criminosa-em-30-municipios","status":"publish","type":"post","link":"https:\/\/blogdorogeriogomes.com.br\/noticias\/2020\/03\/policia-civil-do-ceara-realiza-operacao-para-prender-membros-de-faccao-criminosa-em-30-municipios\/","title":{"rendered":"Pol\u00edcia Civil do Cear\u00e1 realiza opera\u00e7\u00e3o para prender membros de fac\u00e7\u00e3o criminosa em 30 munic\u00edpios"},"content":{"rendered":"\n<p>A Pol\u00edcia Civil do Cear\u00e1 realiza, na manh\u00e3 desta quinta-feira, dia 12 de mar\u00e7o, a \u201cOpera\u00e7\u00e3o Aditum II\u201d. Est\u00e3o sendo cumpridos 163 mandados de pris\u00e3o e quase 100 de busca e apreens\u00e3o contra membros de uma organiza\u00e7\u00e3o criminosa no Estado. De acordo com a Secretaria de Seguran\u00e7a P\u00fablica e Defesa Social, a opera\u00e7\u00e3o acontece em 30 munic\u00edpios cearenses, incluindo Fortaleza e Regi\u00e3o Metropolitana.<br>\nO alvo da a\u00e7\u00e3o s\u00e3o integrantes de fac\u00e7\u00e3o, participantes dos ataques criminosos registrados em janeiro do ano passado no Cear\u00e1.<\/p>\n\n\n\n<figure class=\"wp-block-gallery columns-1 is-cropped wp-block-gallery-1 is-layout-flex wp-block-gallery-is-layout-flex\"><ul class=\"blocks-gallery-grid\"><li class=\"blocks-gallery-item\"><figure><img loading=\"lazy\" decoding=\"async\" width=\"400\" height=\"225\" src=\"http:\/\/blogdorogeriogomes.com.br\/wp-content\/uploads\/2020\/03\/image-2.jpeg\" alt=\"\" data-id=\"15862\" data-full-url=\"http:\/\/blogdorogeriogomes.com.br\/wp-content\/uploads\/2020\/03\/image-2.jpeg\" data-link=\"http:\/\/blogdorogeriogomes.com.br\/?attachment_id=15862\" class=\"wp-image-15862\" srcset=\"https:\/\/blogdorogeriogomes.com.br\/noticias\/wp-content\/uploads\/2020\/03\/image-2.jpeg 400w, https:\/\/blogdorogeriogomes.com.br\/noticias\/wp-content\/uploads\/2020\/03\/image-2-300x169.jpeg 300w\" sizes=\"auto, (max-width: 400px) 100vw, 400px\" \/><\/figure><\/li><\/ul><\/figure>\n","protected":false},"excerpt":{"rendered":"<p>A Pol\u00edcia Civil do Cear\u00e1 realiza, na manh\u00e3 desta quinta-feira, dia 12 de mar\u00e7o, a \u201cOpera\u00e7\u00e3o Aditum II\u201d. Est\u00e3o sendo cumpridos 163 mandados de pris\u00e3o e quase 100 de busca e apreens\u00e3o contra membros de uma organiza\u00e7\u00e3o criminosa no Estado. De acordo com a Secretaria de Seguran\u00e7a P\u00fablica e Defesa Social, a opera\u00e7\u00e3o acontece em 30 munic\u00edpios cearenses, incluindo Fortaleza e Regi\u00e3o Metropolitana. O alvo da a\u00e7\u00e3o s\u00e3o integrantes de fac\u00e7\u00e3o, participantes dos ataques criminosos registrados em janeiro do&hellip;<\/p>\n","protected":false},"author":1,"featured_media":15862,"comment_status":"open","ping_status":"open","sticky":false,"template":"","format":"standard","meta":{"footnotes":""},"categories":[1],"tags":[],"class_list":["post-15861","post","type-post","status-publish","format-standard","has-post-thumbnail","hentry","category-noticias"],"_links":{"self":[{"href":"https:\/\/blogdorogeriogomes.com.br\/noticias\/wp-json\/wp\/v2\/posts\/15861","targetHints":{"allow":["GET"]}}],"collection":[{"href":"https:\/\/blogdorogeriogomes.com.br\/noticias\/wp-json\/wp\/v2\/posts"}],"about":[{"href":"https:\/\/blogdorogeriogomes.com.br\/noticias\/wp-json\/wp\/v2\/types\/post"}],"author":[{"embeddable":true,"href":"https:\/\/blogdorogeriogomes.com.br\/noticias\/wp-json\/wp\/v2\/users\/1"}],"replies":[{"embeddable":true,"href":"https:\/\/blogdorogeriogomes.com.br\/noticias\/wp-json\/wp\/v2\/comments?post=15861"}],"version-history":[{"count":1,"href":"https:\/\/blogdorogeriogomes.com.br\/noticias\/wp-json\/wp\/v2\/posts\/15861\/revisions"}],"predecessor-version":[{"id":15863,"href":"https:\/\/blogdorogeriogomes.com.br\/noticias\/wp-json\/wp\/v2\/posts\/15861\/revisions\/15863"}],"wp:featuredmedia":[{"embeddable":true,"href":"https:\/\/blogdorogeriogomes.com.br\/noticias\/wp-json\/wp\/v2\/media\/15862"}],"wp:attachment":[{"href":"https:\/\/blogdorogeriogomes.com.br\/noticias\/wp-json\/wp\/v2\/media?parent=15861"}],"wp:term":[{"taxonomy":"category","embeddable":true,"href":"https:\/\/blogdorogeriogomes.com.br\/noticias\/wp-json\/wp\/v2\/categories?post=15861"},{"taxonomy":"post_tag","embeddable":true,"href":"https:\/\/blogdorogeriogomes.com.br\/noticias\/wp-json\/wp\/v2\/tags?post=15861"}],"curies":[{"name":"wp","href":"https:\/\/api.w.org\/{rel}","templated":true}]}}