{"id":15864,"date":"2020-03-12T16:24:10","date_gmt":"2020-03-12T16:24:10","guid":{"rendered":"http:\/\/blogdorogeriogomes.com.br\/?p=15864"},"modified":"2020-03-13T12:57:43","modified_gmt":"2020-03-13T12:57:43","slug":"secretario-de-bolsonaro-tem-teste-positivo-para-coronavirus-e-presidente-passa-a-ser-monitorado-por-equipe-medica","status":"publish","type":"post","link":"https:\/\/blogdorogeriogomes.com.br\/noticias\/2020\/03\/secretario-de-bolsonaro-tem-teste-positivo-para-coronavirus-e-presidente-passa-a-ser-monitorado-por-equipe-medica\/","title":{"rendered":"Secret\u00e1rio de Bolsonaro tem teste positivo para coronav\u00edrus e Presidente passa a ser monitorado por equipe m\u00e9dica"},"content":{"rendered":"\n<p>O secret\u00e1rio de Comunica\u00e7\u00e3o da Presid\u00eancia, F\u00e1bio Wajngarten, testou positivo para coronav\u00edrus e aguarda o resultado da contraprova. O exame foi realizado em S\u00e3o Paulo. Wajngarten era um dos integrantes da comitiva que acompanhou o presidente Jair Bolsonaro aos Estados Unidos.<br>\nO presidente Jair Bolsonaro passou a ser monitorado pela equipe m\u00e9dica da Presid\u00eancia da Rep\u00fablica. Nesta quinta-feira, dia 12 de mar\u00e7o, Bolsonaro cancelou uma viagem a Mossor\u00f3 (RN) devido \u00e0 avalia\u00e7\u00e3o de seus auxiliares de que, no atual quadro, \u00e9 necess\u00e1rio evitar exposi\u00e7\u00f5es em ambientes com risco de contamina\u00e7\u00e3o.<br>\nNa \u00faltima segunda-feira, dia 9, Bolsonaro chegou a afirmar que o Covid-19 n\u00e3o &#8220;\u00e9 isso tudo que a grande m\u00eddia propaga&#8221;, transformando uma situa\u00e7\u00e3o de emerg\u00eancia global em uma batalha de sua guerra cultural. Agora, tem como recomenda\u00e7\u00e3o, permanecer em Bras\u00edlia, evitar aglomera\u00e7\u00f5es e a interagir menos com seus apoiadores na entrada do Pal\u00e1cio da Alvorada. <\/p>\n\n\n\n<figure class=\"wp-block-gallery columns-1 is-cropped wp-block-gallery-1 is-layout-flex wp-block-gallery-is-layout-flex\"><ul class=\"blocks-gallery-grid\"><li class=\"blocks-gallery-item\"><figure><img loading=\"lazy\" decoding=\"async\" width=\"410\" height=\"230\" src=\"http:\/\/blogdorogeriogomes.com.br\/wp-content\/uploads\/2020\/03\/110597879_bolsonaro.jpg\" alt=\"\" data-id=\"15865\" data-full-url=\"http:\/\/blogdorogeriogomes.com.br\/wp-content\/uploads\/2020\/03\/110597879_bolsonaro.jpg\" data-link=\"http:\/\/blogdorogeriogomes.com.br\/?attachment_id=15865\" class=\"wp-image-15865\" srcset=\"https:\/\/blogdorogeriogomes.com.br\/noticias\/wp-content\/uploads\/2020\/03\/110597879_bolsonaro.jpg 410w, https:\/\/blogdorogeriogomes.com.br\/noticias\/wp-content\/uploads\/2020\/03\/110597879_bolsonaro-300x168.jpg 300w\" sizes=\"auto, (max-width: 410px) 100vw, 410px\" \/><\/figure><\/li><\/ul><\/figure>\n","protected":false},"excerpt":{"rendered":"<p>O secret\u00e1rio de Comunica\u00e7\u00e3o da Presid\u00eancia, F\u00e1bio Wajngarten, testou positivo para coronav\u00edrus e aguarda o resultado da contraprova. O exame foi realizado em S\u00e3o Paulo. Wajngarten era um dos integrantes da comitiva que acompanhou o presidente Jair Bolsonaro aos Estados Unidos. O presidente Jair Bolsonaro passou a ser monitorado pela equipe m\u00e9dica da Presid\u00eancia da Rep\u00fablica. Nesta quinta-feira, dia 12 de mar\u00e7o, Bolsonaro cancelou uma viagem a Mossor\u00f3 (RN) devido \u00e0 avalia\u00e7\u00e3o de seus auxiliares de que, no atual&hellip;<\/p>\n","protected":false},"author":1,"featured_media":15865,"comment_status":"open","ping_status":"open","sticky":false,"template":"","format":"standard","meta":{"footnotes":""},"categories":[1],"tags":[],"class_list":["post-15864","post","type-post","status-publish","format-standard","has-post-thumbnail","hentry","category-noticias"],"_links":{"self":[{"href":"https:\/\/blogdorogeriogomes.com.br\/noticias\/wp-json\/wp\/v2\/posts\/15864","targetHints":{"allow":["GET"]}}],"collection":[{"href":"https:\/\/blogdorogeriogomes.com.br\/noticias\/wp-json\/wp\/v2\/posts"}],"about":[{"href":"https:\/\/blogdorogeriogomes.com.br\/noticias\/wp-json\/wp\/v2\/types\/post"}],"author":[{"embeddable":true,"href":"https:\/\/blogdorogeriogomes.com.br\/noticias\/wp-json\/wp\/v2\/users\/1"}],"replies":[{"embeddable":true,"href":"https:\/\/blogdorogeriogomes.com.br\/noticias\/wp-json\/wp\/v2\/comments?post=15864"}],"version-history":[{"count":1,"href":"https:\/\/blogdorogeriogomes.com.br\/noticias\/wp-json\/wp\/v2\/posts\/15864\/revisions"}],"predecessor-version":[{"id":15866,"href":"https:\/\/blogdorogeriogomes.com.br\/noticias\/wp-json\/wp\/v2\/posts\/15864\/revisions\/15866"}],"wp:featuredmedia":[{"embeddable":true,"href":"https:\/\/blogdorogeriogomes.com.br\/noticias\/wp-json\/wp\/v2\/media\/15865"}],"wp:attachment":[{"href":"https:\/\/blogdorogeriogomes.com.br\/noticias\/wp-json\/wp\/v2\/media?parent=15864"}],"wp:term":[{"taxonomy":"category","embeddable":true,"href":"https:\/\/blogdorogeriogomes.com.br\/noticias\/wp-json\/wp\/v2\/categories?post=15864"},{"taxonomy":"post_tag","embeddable":true,"href":"https:\/\/blogdorogeriogomes.com.br\/noticias\/wp-json\/wp\/v2\/tags?post=15864"}],"curies":[{"name":"wp","href":"https:\/\/api.w.org\/{rel}","templated":true}]}}