{"id":15867,"date":"2020-03-12T19:47:39","date_gmt":"2020-03-12T19:47:39","guid":{"rendered":"http:\/\/blogdorogeriogomes.com.br\/?p=15867"},"modified":"2020-03-13T12:57:59","modified_gmt":"2020-03-13T12:57:59","slug":"roberto-claudio-participa-de-reuniao-da-frente-nacional-de-prefeitos-em-torno-do-coronavirus","status":"publish","type":"post","link":"https:\/\/blogdorogeriogomes.com.br\/noticias\/2020\/03\/roberto-claudio-participa-de-reuniao-da-frente-nacional-de-prefeitos-em-torno-do-coronavirus\/","title":{"rendered":"Roberto Cl\u00e1udio participa de reuni\u00e3o da Frente Nacional de Prefeitos em torno do coronav\u00edrus"},"content":{"rendered":"\n<p>O prefeito de Fortaleza, Roberto Cl\u00e1udio, participou, nesta quinta-feira, dia 12 de mar\u00e7o, em Florian\u00f3polis (SC), da 77\u00aa Reuni\u00e3o Geral da Frente Nacional de Prefeitos (FNP), onde debateu com t\u00e9cnicos do Minist\u00e9rio da Sa\u00fade a situa\u00e7\u00e3o atual do coronav\u00edrus no Brasil, al\u00e9m do Plano de Conting\u00eancia Nacional, os planos de secretarias de sa\u00fade municipais e o apoio do Minist\u00e9rio para execu\u00e7\u00e3o das a\u00e7\u00f5es nos munic\u00edpios.<br> Roberto Claudio destacou a transpar\u00eancia com que o Minist\u00e9rio da Sa\u00fade vem atuando na condu\u00e7\u00e3o da quest\u00e3o at\u00e9 agora, mas cobrou apoio efetivo para estados e munic\u00edpios. Segundo ele, \u201cestados e munic\u00edpios s\u00e3o chamados a responder de forma r\u00e1pida e efetiva a um eventual epidemia nas cidades que ainda n\u00e3o foram atingidas, por isso precisam de apoio efetivo do&nbsp;Governo Federal\u201d, afirmou o prefeito de Fortaleza.<\/p>\n\n\n\n<figure class=\"wp-block-gallery columns-1 is-cropped wp-block-gallery-1 is-layout-flex wp-block-gallery-is-layout-flex\"><ul class=\"blocks-gallery-grid\"><li class=\"blocks-gallery-item\"><figure><img loading=\"lazy\" decoding=\"async\" width=\"1024\" height=\"576\" src=\"http:\/\/blogdorogeriogomes.com.br\/wp-content\/uploads\/2020\/03\/12-03-2020-Reuni\u00e3o-Geral-da-Frente-Nacional-de-Prefeitos-1024x576.jpeg\" alt=\"\" data-id=\"15868\" data-full-url=\"http:\/\/blogdorogeriogomes.com.br\/wp-content\/uploads\/2020\/03\/12-03-2020-Reuni\u00e3o-Geral-da-Frente-Nacional-de-Prefeitos.jpeg\" data-link=\"http:\/\/blogdorogeriogomes.com.br\/?attachment_id=15868\" class=\"wp-image-15868\" srcset=\"https:\/\/blogdorogeriogomes.com.br\/noticias\/wp-content\/uploads\/2020\/03\/12-03-2020-Reuni\u00e3o-Geral-da-Frente-Nacional-de-Prefeitos-1024x576.jpeg 1024w, https:\/\/blogdorogeriogomes.com.br\/noticias\/wp-content\/uploads\/2020\/03\/12-03-2020-Reuni\u00e3o-Geral-da-Frente-Nacional-de-Prefeitos-300x169.jpeg 300w, https:\/\/blogdorogeriogomes.com.br\/noticias\/wp-content\/uploads\/2020\/03\/12-03-2020-Reuni\u00e3o-Geral-da-Frente-Nacional-de-Prefeitos-768x432.jpeg 768w, https:\/\/blogdorogeriogomes.com.br\/noticias\/wp-content\/uploads\/2020\/03\/12-03-2020-Reuni\u00e3o-Geral-da-Frente-Nacional-de-Prefeitos-800x450.jpeg 800w, https:\/\/blogdorogeriogomes.com.br\/noticias\/wp-content\/uploads\/2020\/03\/12-03-2020-Reuni\u00e3o-Geral-da-Frente-Nacional-de-Prefeitos.jpeg 1280w\" sizes=\"auto, (max-width: 1024px) 100vw, 1024px\" \/><\/figure><\/li><\/ul><\/figure>\n","protected":false},"excerpt":{"rendered":"<p>O prefeito de Fortaleza, Roberto Cl\u00e1udio, participou, nesta quinta-feira, dia 12 de mar\u00e7o, em Florian\u00f3polis (SC), da 77\u00aa Reuni\u00e3o Geral da Frente Nacional de Prefeitos (FNP), onde debateu com t\u00e9cnicos do Minist\u00e9rio da Sa\u00fade a situa\u00e7\u00e3o atual do coronav\u00edrus no Brasil, al\u00e9m do Plano de Conting\u00eancia Nacional, os planos de secretarias de sa\u00fade municipais e o apoio do Minist\u00e9rio para execu\u00e7\u00e3o das a\u00e7\u00f5es nos munic\u00edpios. Roberto Claudio destacou a transpar\u00eancia com que o Minist\u00e9rio da Sa\u00fade vem atuando na&hellip;<\/p>\n","protected":false},"author":1,"featured_media":15868,"comment_status":"open","ping_status":"open","sticky":false,"template":"","format":"standard","meta":{"footnotes":""},"categories":[1],"tags":[],"class_list":["post-15867","post","type-post","status-publish","format-standard","has-post-thumbnail","hentry","category-noticias"],"_links":{"self":[{"href":"https:\/\/blogdorogeriogomes.com.br\/noticias\/wp-json\/wp\/v2\/posts\/15867","targetHints":{"allow":["GET"]}}],"collection":[{"href":"https:\/\/blogdorogeriogomes.com.br\/noticias\/wp-json\/wp\/v2\/posts"}],"about":[{"href":"https:\/\/blogdorogeriogomes.com.br\/noticias\/wp-json\/wp\/v2\/types\/post"}],"author":[{"embeddable":true,"href":"https:\/\/blogdorogeriogomes.com.br\/noticias\/wp-json\/wp\/v2\/users\/1"}],"replies":[{"embeddable":true,"href":"https:\/\/blogdorogeriogomes.com.br\/noticias\/wp-json\/wp\/v2\/comments?post=15867"}],"version-history":[{"count":2,"href":"https:\/\/blogdorogeriogomes.com.br\/noticias\/wp-json\/wp\/v2\/posts\/15867\/revisions"}],"predecessor-version":[{"id":15879,"href":"https:\/\/blogdorogeriogomes.com.br\/noticias\/wp-json\/wp\/v2\/posts\/15867\/revisions\/15879"}],"wp:featuredmedia":[{"embeddable":true,"href":"https:\/\/blogdorogeriogomes.com.br\/noticias\/wp-json\/wp\/v2\/media\/15868"}],"wp:attachment":[{"href":"https:\/\/blogdorogeriogomes.com.br\/noticias\/wp-json\/wp\/v2\/media?parent=15867"}],"wp:term":[{"taxonomy":"category","embeddable":true,"href":"https:\/\/blogdorogeriogomes.com.br\/noticias\/wp-json\/wp\/v2\/categories?post=15867"},{"taxonomy":"post_tag","embeddable":true,"href":"https:\/\/blogdorogeriogomes.com.br\/noticias\/wp-json\/wp\/v2\/tags?post=15867"}],"curies":[{"name":"wp","href":"https:\/\/api.w.org\/{rel}","templated":true}]}}