{"id":15870,"date":"2020-03-13T09:09:19","date_gmt":"2020-03-13T09:09:19","guid":{"rendered":"http:\/\/blogdorogeriogomes.com.br\/?p=15870"},"modified":"2020-03-13T12:58:57","modified_gmt":"2020-03-13T12:58:57","slug":"governo-do-ceara-define-medidas-de-enfrentamento-ao-avanco-do-coronavirus","status":"publish","type":"post","link":"https:\/\/blogdorogeriogomes.com.br\/noticias\/2020\/03\/governo-do-ceara-define-medidas-de-enfrentamento-ao-avanco-do-coronavirus\/","title":{"rendered":"Governo do Cear\u00e1 define medidas de enfrentamento ao avan\u00e7o do coronav\u00edrus"},"content":{"rendered":"\n<p>O Cear\u00e1 n\u00e3o apresentou at\u00e9 esta quinta-feira, dia 12 de mar\u00e7o, nenhum caso confirmado de coronav\u00edrus. Mesmo assim, o Governo do Estado anunciou uma s\u00e9rie de a\u00e7\u00f5es que tamb\u00e9m exige envolvimento de prefeituras na preven\u00e7\u00e3o da doen\u00e7a, como tamb\u00e9m na defini\u00e7\u00e3o de um plano de conting\u00eancia para atendimento de pacientes que venham a apresentar sintomas.<br>Ap\u00f3s reuni\u00e3o com o secret\u00e1rio da Sa\u00fade, Dr. Cabeto, o governador Camilo Santana anunciou a libera\u00e7\u00e3o de R$ 45 milh\u00f5es para todas as a\u00e7\u00f5es necess\u00e1rias pela Secretaria da Sa\u00fade, como compra de material de diagn\u00f3stico e suplementa\u00e7\u00e3o de insumos hospitalares para tratamento de pacientes. <\/p>\n\n\n\n<p>O Estado do Cear\u00e1 tamb\u00e9m est\u00e1 garantindo a amplia\u00e7\u00e3o de leitos de retaguarda e de UTI. De imediato ser\u00e3o 200 enfermarias e 30 leitos de UTI. Ser\u00e3o preparados 14 equipamentos estaduais de sa\u00fade para atendimento de pacientes, sendo 5 hospitais em Fortaleza, 3 hospitais regionais (Sobral, Quixeramobim e Juazeiro do Norte) e 7 UPAS.<br>Outras medidas tamb\u00e9m ser\u00e3o tomadas, como: treinamento e orienta\u00e7\u00e3o das unidades hospitalares p\u00fablicas e privadas do Cear\u00e1; acompanhando dos casos suspeitos informados \u00e0 Sesa atrav\u00e9s de suas equipes; disponibiliza\u00e7\u00e3o de canais de comunica\u00e7\u00e3o para a popula\u00e7\u00e3o e para os profissionais de sa\u00fade; oferta de cartilhas de orienta\u00e7\u00e3o sobre o Covid-19 no site da Sesa; divulga\u00e7\u00e3o di\u00e1ria de boletim informativo sobre a situa\u00e7\u00e3o epidemiol\u00f3gica e as medidas adotadas pelo Estado; e disponibiliza\u00e7\u00e3o de equipes de sa\u00fade para triagem nas visitas das unidades prisionais.<\/p>\n\n\n\n<figure class=\"wp-block-gallery columns-1 is-cropped wp-block-gallery-1 is-layout-flex wp-block-gallery-is-layout-flex\"><ul class=\"blocks-gallery-grid\"><li class=\"blocks-gallery-item\"><figure><img loading=\"lazy\" decoding=\"async\" width=\"1024\" height=\"684\" src=\"http:\/\/blogdorogeriogomes.com.br\/wp-content\/uploads\/2020\/03\/gov-cabeto-1200x801-1-1024x684.jpg\" alt=\"\" data-id=\"15871\" data-full-url=\"http:\/\/blogdorogeriogomes.com.br\/wp-content\/uploads\/2020\/03\/gov-cabeto-1200x801-1.jpg\" data-link=\"http:\/\/blogdorogeriogomes.com.br\/?attachment_id=15871\" class=\"wp-image-15871\" srcset=\"https:\/\/blogdorogeriogomes.com.br\/noticias\/wp-content\/uploads\/2020\/03\/gov-cabeto-1200x801-1-1024x684.jpg 1024w, https:\/\/blogdorogeriogomes.com.br\/noticias\/wp-content\/uploads\/2020\/03\/gov-cabeto-1200x801-1-300x200.jpg 300w, https:\/\/blogdorogeriogomes.com.br\/noticias\/wp-content\/uploads\/2020\/03\/gov-cabeto-1200x801-1-768x513.jpg 768w, https:\/\/blogdorogeriogomes.com.br\/noticias\/wp-content\/uploads\/2020\/03\/gov-cabeto-1200x801-1-800x534.jpg 800w, https:\/\/blogdorogeriogomes.com.br\/noticias\/wp-content\/uploads\/2020\/03\/gov-cabeto-1200x801-1.jpg 1200w\" sizes=\"auto, (max-width: 1024px) 100vw, 1024px\" \/><\/figure><\/li><\/ul><\/figure>\n","protected":false},"excerpt":{"rendered":"<p>O Cear\u00e1 n\u00e3o apresentou at\u00e9 esta quinta-feira, dia 12 de mar\u00e7o, nenhum caso confirmado de coronav\u00edrus. Mesmo assim, o Governo do Estado anunciou uma s\u00e9rie de a\u00e7\u00f5es que tamb\u00e9m exige envolvimento de prefeituras na preven\u00e7\u00e3o da doen\u00e7a, como tamb\u00e9m na defini\u00e7\u00e3o de um plano de conting\u00eancia para atendimento de pacientes que venham a apresentar sintomas.Ap\u00f3s reuni\u00e3o com o secret\u00e1rio da Sa\u00fade, Dr. Cabeto, o governador Camilo Santana anunciou a libera\u00e7\u00e3o de R$ 45 milh\u00f5es para todas as a\u00e7\u00f5es necess\u00e1rias&hellip;<\/p>\n","protected":false},"author":1,"featured_media":15871,"comment_status":"open","ping_status":"open","sticky":false,"template":"","format":"standard","meta":{"footnotes":""},"categories":[1],"tags":[],"class_list":["post-15870","post","type-post","status-publish","format-standard","has-post-thumbnail","hentry","category-noticias"],"_links":{"self":[{"href":"https:\/\/blogdorogeriogomes.com.br\/noticias\/wp-json\/wp\/v2\/posts\/15870","targetHints":{"allow":["GET"]}}],"collection":[{"href":"https:\/\/blogdorogeriogomes.com.br\/noticias\/wp-json\/wp\/v2\/posts"}],"about":[{"href":"https:\/\/blogdorogeriogomes.com.br\/noticias\/wp-json\/wp\/v2\/types\/post"}],"author":[{"embeddable":true,"href":"https:\/\/blogdorogeriogomes.com.br\/noticias\/wp-json\/wp\/v2\/users\/1"}],"replies":[{"embeddable":true,"href":"https:\/\/blogdorogeriogomes.com.br\/noticias\/wp-json\/wp\/v2\/comments?post=15870"}],"version-history":[{"count":1,"href":"https:\/\/blogdorogeriogomes.com.br\/noticias\/wp-json\/wp\/v2\/posts\/15870\/revisions"}],"predecessor-version":[{"id":15872,"href":"https:\/\/blogdorogeriogomes.com.br\/noticias\/wp-json\/wp\/v2\/posts\/15870\/revisions\/15872"}],"wp:featuredmedia":[{"embeddable":true,"href":"https:\/\/blogdorogeriogomes.com.br\/noticias\/wp-json\/wp\/v2\/media\/15871"}],"wp:attachment":[{"href":"https:\/\/blogdorogeriogomes.com.br\/noticias\/wp-json\/wp\/v2\/media?parent=15870"}],"wp:term":[{"taxonomy":"category","embeddable":true,"href":"https:\/\/blogdorogeriogomes.com.br\/noticias\/wp-json\/wp\/v2\/categories?post=15870"},{"taxonomy":"post_tag","embeddable":true,"href":"https:\/\/blogdorogeriogomes.com.br\/noticias\/wp-json\/wp\/v2\/tags?post=15870"}],"curies":[{"name":"wp","href":"https:\/\/api.w.org\/{rel}","templated":true}]}}