{"id":15873,"date":"2020-03-13T09:28:24","date_gmt":"2020-03-13T09:28:24","guid":{"rendered":"http:\/\/blogdorogeriogomes.com.br\/?p=15873"},"modified":"2020-03-13T12:57:04","modified_gmt":"2020-03-13T12:57:04","slug":"bolsonaro-recua-no-apoio-aos-protestos-contra-congresso-e-stf-programados-para-domingo","status":"publish","type":"post","link":"https:\/\/blogdorogeriogomes.com.br\/noticias\/2020\/03\/bolsonaro-recua-no-apoio-aos-protestos-contra-congresso-e-stf-programados-para-domingo\/","title":{"rendered":"Bolsonaro recua no apoio aos protestos contra Congresso e STF programados para domingo"},"content":{"rendered":"\n<p>O aumento de casos de coronav\u00edrus no Pa\u00eds fez o presidente Jair Bolsonaro recuar no apoio \u00e0s manifesta\u00e7\u00f5es contra o Congresso e o STF, pr\u00f3ximo domingo, dia 15 de mar\u00e7o. Atrav\u00e9s de uma &#8220;live&#8221;, ele pediu o cancelamento das manifesta\u00e7\u00f5es. <br>\nEm Fortaleza, movimentos que organizavam os protestos pr\u00f3-Bolsonaro se mostraram dispostos a atender ao pedido no Presidente. Por\u00e9m, \u00e9 poss\u00edvel que na Capital cearense e em outras cidades brasileiras, algum aliado bolsonarista ainda se atreva a ir \u00e0s ruas.<br>\nOutra medida confirmada pelo Governo Federal \u00e9 a antecipa\u00e7\u00e3o para o m\u00eas de abril do pagamento de R$ 23 bilh\u00f5es referentes \u00e0 parcela de 50% do 13\u00ba sal\u00e1rio aos aposentados e pensionistas do INSS.<br>\nTamb\u00e9m foi anunciada a suspens\u00e3o da prova de vida dos benefici\u00e1rios do INSS por 120 dias e ser\u00e1 proposta ao Conselho Nacional da Previd\u00eancia Social a redu\u00e7\u00e3o do teto dos juros do empr\u00e9stimo consignado em favor dos benefici\u00e1rios do INSS.<\/p>\n\n\n\n<figure class=\"wp-block-gallery columns-1 is-cropped wp-block-gallery-1 is-layout-flex wp-block-gallery-is-layout-flex\"><ul class=\"blocks-gallery-grid\"><li class=\"blocks-gallery-item\"><figure><img loading=\"lazy\" decoding=\"async\" width=\"738\" height=\"415\" src=\"http:\/\/blogdorogeriogomes.com.br\/wp-content\/uploads\/2020\/03\/images-53.jpeg\" alt=\"\" data-id=\"15874\" data-full-url=\"http:\/\/blogdorogeriogomes.com.br\/wp-content\/uploads\/2020\/03\/images-53.jpeg\" data-link=\"http:\/\/blogdorogeriogomes.com.br\/?attachment_id=15874\" class=\"wp-image-15874\" srcset=\"https:\/\/blogdorogeriogomes.com.br\/noticias\/wp-content\/uploads\/2020\/03\/images-53.jpeg 738w, https:\/\/blogdorogeriogomes.com.br\/noticias\/wp-content\/uploads\/2020\/03\/images-53-300x169.jpeg 300w\" sizes=\"auto, (max-width: 738px) 100vw, 738px\" \/><\/figure><\/li><\/ul><\/figure>\n","protected":false},"excerpt":{"rendered":"<p>O aumento de casos de coronav\u00edrus no Pa\u00eds fez o presidente Jair Bolsonaro recuar no apoio \u00e0s manifesta\u00e7\u00f5es contra o Congresso e o STF, pr\u00f3ximo domingo, dia 15 de mar\u00e7o. Atrav\u00e9s de uma &#8220;live&#8221;, ele pediu o cancelamento das manifesta\u00e7\u00f5es. Em Fortaleza, movimentos que organizavam os protestos pr\u00f3-Bolsonaro se mostraram dispostos a atender ao pedido no Presidente. Por\u00e9m, \u00e9 poss\u00edvel que na Capital cearense e em outras cidades brasileiras, algum aliado bolsonarista ainda se atreva a ir \u00e0s ruas.&hellip;<\/p>\n","protected":false},"author":1,"featured_media":15874,"comment_status":"open","ping_status":"open","sticky":false,"template":"","format":"standard","meta":{"footnotes":""},"categories":[1],"tags":[],"class_list":["post-15873","post","type-post","status-publish","format-standard","has-post-thumbnail","hentry","category-noticias"],"_links":{"self":[{"href":"https:\/\/blogdorogeriogomes.com.br\/noticias\/wp-json\/wp\/v2\/posts\/15873","targetHints":{"allow":["GET"]}}],"collection":[{"href":"https:\/\/blogdorogeriogomes.com.br\/noticias\/wp-json\/wp\/v2\/posts"}],"about":[{"href":"https:\/\/blogdorogeriogomes.com.br\/noticias\/wp-json\/wp\/v2\/types\/post"}],"author":[{"embeddable":true,"href":"https:\/\/blogdorogeriogomes.com.br\/noticias\/wp-json\/wp\/v2\/users\/1"}],"replies":[{"embeddable":true,"href":"https:\/\/blogdorogeriogomes.com.br\/noticias\/wp-json\/wp\/v2\/comments?post=15873"}],"version-history":[{"count":1,"href":"https:\/\/blogdorogeriogomes.com.br\/noticias\/wp-json\/wp\/v2\/posts\/15873\/revisions"}],"predecessor-version":[{"id":15875,"href":"https:\/\/blogdorogeriogomes.com.br\/noticias\/wp-json\/wp\/v2\/posts\/15873\/revisions\/15875"}],"wp:featuredmedia":[{"embeddable":true,"href":"https:\/\/blogdorogeriogomes.com.br\/noticias\/wp-json\/wp\/v2\/media\/15874"}],"wp:attachment":[{"href":"https:\/\/blogdorogeriogomes.com.br\/noticias\/wp-json\/wp\/v2\/media?parent=15873"}],"wp:term":[{"taxonomy":"category","embeddable":true,"href":"https:\/\/blogdorogeriogomes.com.br\/noticias\/wp-json\/wp\/v2\/categories?post=15873"},{"taxonomy":"post_tag","embeddable":true,"href":"https:\/\/blogdorogeriogomes.com.br\/noticias\/wp-json\/wp\/v2\/tags?post=15873"}],"curies":[{"name":"wp","href":"https:\/\/api.w.org\/{rel}","templated":true}]}}