{"id":15876,"date":"2020-03-13T09:56:26","date_gmt":"2020-03-13T09:56:26","guid":{"rendered":"http:\/\/blogdorogeriogomes.com.br\/?p=15876"},"modified":"2020-03-13T12:56:44","modified_gmt":"2020-03-13T12:56:44","slug":"maia-avalia-que-resposta-de-paulo-guedes-a-crise-economica-nao-trara-nenhum-resultado-a-curto-prazo","status":"publish","type":"post","link":"https:\/\/blogdorogeriogomes.com.br\/noticias\/2020\/03\/maia-avalia-que-resposta-de-paulo-guedes-a-crise-economica-nao-trara-nenhum-resultado-a-curto-prazo\/","title":{"rendered":"Maia avalia que resposta de Paulo Guedes \u00e0 crise econ\u00f4mica n\u00e3o trar\u00e1 nenhum resultado a curto prazo"},"content":{"rendered":"\n<p>A crise instalada pela briga no pre\u00e7o do petr\u00f3leo e o aumento de casos de coronav\u00edrus em todo o mundo t\u00eam provocado queda nas bolsas de v\u00e1rios pa\u00edses. No Brasil, a situa\u00e7\u00e3o n\u00e3o \u00e9 diferente. Nesta quinta-feira, dia 12 de mar\u00e7o, o Ibovespa fechou o dia com queda de 14,78%, no menor patamar desde junho de 2018. Foi a pior performance desde 10 setembro de 1998, ano marcado pela crise financeira russa.<br>O pior \u00e9 que o ministro da Economia, Paulo Guedes, parece n\u00e3o mostrar a rea\u00e7\u00e3o esperada pelo mercado. A confian\u00e7a nas solu\u00e7\u00f5es propostas por ele, s\u00f3 diminui. Chamou a aten\u00e7\u00e3o a rea\u00e7\u00e3o do presidente da C\u00e2mara dos Deputados, Rodrigo Maia, ap\u00f3s reuni\u00e3o com Paulo Guedes e l\u00edderes partid\u00e1rios na Casa, na quarta-feira, dia 11, a fim de apontar sa\u00eddas para a crise econ\u00f4mica no Pa\u00eds. \u201cGuedes n\u00e3o tinha uma coisa organizada ou n\u00e3o quis falar. Se olhar os projetos, tem pouca coisa que impacte a agenda de curto prazo ou quase nada\u2026o que preocupou os parlamentares \u00e9 que certamente teremos impacto de curto prazo e que essas reformas de m\u00e9dio e longo prazo n\u00e3o v\u00e3o resolver. Temos uma crise de pandemia de um v\u00edrus que come\u00e7a a crescer no Brasil. O que incomodou os parlamentares \u00e9 que n\u00e3o sentimos e n\u00e3o vimos, se ele n\u00e3o podia falar ou se ainda n\u00e3o organizou, as solu\u00e7\u00f5es para os problemas de curto prazo, como nos setores da avia\u00e7\u00e3o civil e de servi\u00e7os&#8221;, disse Rodrigo Maia.<\/p>\n\n\n\n<figure class=\"wp-block-gallery columns-1 is-cropped wp-block-gallery-1 is-layout-flex wp-block-gallery-is-layout-flex\"><ul class=\"blocks-gallery-grid\"><li class=\"blocks-gallery-item\"><figure><img loading=\"lazy\" decoding=\"async\" width=\"675\" height=\"365\" src=\"http:\/\/blogdorogeriogomes.com.br\/wp-content\/uploads\/2020\/03\/20190617174748442498u.jpg\" alt=\"\" data-id=\"15877\" data-full-url=\"http:\/\/blogdorogeriogomes.com.br\/wp-content\/uploads\/2020\/03\/20190617174748442498u.jpg\" data-link=\"http:\/\/blogdorogeriogomes.com.br\/?attachment_id=15877\" class=\"wp-image-15877\" srcset=\"https:\/\/blogdorogeriogomes.com.br\/noticias\/wp-content\/uploads\/2020\/03\/20190617174748442498u.jpg 675w, https:\/\/blogdorogeriogomes.com.br\/noticias\/wp-content\/uploads\/2020\/03\/20190617174748442498u-300x162.jpg 300w\" sizes=\"auto, (max-width: 675px) 100vw, 675px\" \/><\/figure><\/li><\/ul><\/figure>\n","protected":false},"excerpt":{"rendered":"<p>A crise instalada pela briga no pre\u00e7o do petr\u00f3leo e o aumento de casos de coronav\u00edrus em todo o mundo t\u00eam provocado queda nas bolsas de v\u00e1rios pa\u00edses. No Brasil, a situa\u00e7\u00e3o n\u00e3o \u00e9 diferente. Nesta quinta-feira, dia 12 de mar\u00e7o, o Ibovespa fechou o dia com queda de 14,78%, no menor patamar desde junho de 2018. Foi a pior performance desde 10 setembro de 1998, ano marcado pela crise financeira russa.O pior \u00e9 que o ministro da Economia,&hellip;<\/p>\n","protected":false},"author":1,"featured_media":15877,"comment_status":"open","ping_status":"open","sticky":false,"template":"","format":"standard","meta":{"footnotes":""},"categories":[1],"tags":[],"class_list":["post-15876","post","type-post","status-publish","format-standard","has-post-thumbnail","hentry","category-noticias"],"_links":{"self":[{"href":"https:\/\/blogdorogeriogomes.com.br\/noticias\/wp-json\/wp\/v2\/posts\/15876","targetHints":{"allow":["GET"]}}],"collection":[{"href":"https:\/\/blogdorogeriogomes.com.br\/noticias\/wp-json\/wp\/v2\/posts"}],"about":[{"href":"https:\/\/blogdorogeriogomes.com.br\/noticias\/wp-json\/wp\/v2\/types\/post"}],"author":[{"embeddable":true,"href":"https:\/\/blogdorogeriogomes.com.br\/noticias\/wp-json\/wp\/v2\/users\/1"}],"replies":[{"embeddable":true,"href":"https:\/\/blogdorogeriogomes.com.br\/noticias\/wp-json\/wp\/v2\/comments?post=15876"}],"version-history":[{"count":1,"href":"https:\/\/blogdorogeriogomes.com.br\/noticias\/wp-json\/wp\/v2\/posts\/15876\/revisions"}],"predecessor-version":[{"id":15878,"href":"https:\/\/blogdorogeriogomes.com.br\/noticias\/wp-json\/wp\/v2\/posts\/15876\/revisions\/15878"}],"wp:featuredmedia":[{"embeddable":true,"href":"https:\/\/blogdorogeriogomes.com.br\/noticias\/wp-json\/wp\/v2\/media\/15877"}],"wp:attachment":[{"href":"https:\/\/blogdorogeriogomes.com.br\/noticias\/wp-json\/wp\/v2\/media?parent=15876"}],"wp:term":[{"taxonomy":"category","embeddable":true,"href":"https:\/\/blogdorogeriogomes.com.br\/noticias\/wp-json\/wp\/v2\/categories?post=15876"},{"taxonomy":"post_tag","embeddable":true,"href":"https:\/\/blogdorogeriogomes.com.br\/noticias\/wp-json\/wp\/v2\/tags?post=15876"}],"curies":[{"name":"wp","href":"https:\/\/api.w.org\/{rel}","templated":true}]}}