{"id":15880,"date":"2020-03-13T15:02:57","date_gmt":"2020-03-13T15:02:57","guid":{"rendered":"http:\/\/blogdorogeriogomes.com.br\/?p=15880"},"modified":"2020-03-14T13:03:08","modified_gmt":"2020-03-14T13:03:08","slug":"ministerio-da-saude-comeca-a-receber-inscricoes-de-medicos-para-mutirao-contra-o-coronavirus-a-partir-do-dia-16-de-marco","status":"publish","type":"post","link":"https:\/\/blogdorogeriogomes.com.br\/noticias\/2020\/03\/ministerio-da-saude-comeca-a-receber-inscricoes-de-medicos-para-mutirao-contra-o-coronavirus-a-partir-do-dia-16-de-marco\/","title":{"rendered":"Minist\u00e9rio da Sa\u00fade come\u00e7a a receber inscri\u00e7\u00f5es de m\u00e9dicos para mutir\u00e3o contra o coronav\u00edrus a partir do dia 16 de mar\u00e7o"},"content":{"rendered":"\n<p>O Minist\u00e9rio da Sa\u00fade come\u00e7a a receber inscri\u00e7\u00f5es de m\u00e9dicos que desejam se engajar no mutir\u00e3o contra o coronav\u00edrus, a partir da pr\u00f3xima segunda-feira, dia 16 de mar\u00e7o. Os profissionais precisam ter registro no Conselho Regional de Medicina &#8211; Brasil. A expectativa \u00e9 que os m\u00e9dicos j\u00e1 comecem a atuar nos munic\u00edpios no in\u00edcio de abril.<br>A for\u00e7a tarefa do Programa Mais M\u00e9dicos, que andava em baixa no Governo Bolsonaro e volta ser valorizado neste momento de crise, vai atuar nas capitais e grandes centros, al\u00e9m dos munic\u00edpios mais carentes e aldeias ind\u00edgenas. <br>A convoca\u00e7\u00e3o do Minist\u00e9rio da Sa\u00fade \u00e9 para mais de cinco mil m\u00e9dicos. A remunera\u00e7\u00e3o ser\u00e1 de R$ 12 mil e o contrato ter\u00e1 dura\u00e7\u00e3o de um ano. Os profissionais ser\u00e3o distribu\u00eddos em 1.864 munic\u00edpios de todo o pa\u00eds, al\u00e9m de 19 Distritos Sanit\u00e1rios Especiais Ind\u00edgenas.<\/p>\n\n\n\n<figure class=\"wp-block-gallery columns-1 is-cropped wp-block-gallery-1 is-layout-flex wp-block-gallery-is-layout-flex\"><ul class=\"blocks-gallery-grid\"><li class=\"blocks-gallery-item\"><figure><img loading=\"lazy\" decoding=\"async\" width=\"696\" height=\"435\" src=\"http:\/\/blogdorogeriogomes.com.br\/wp-content\/uploads\/2020\/03\/images-54.jpeg\" alt=\"\" data-id=\"15881\" data-full-url=\"http:\/\/blogdorogeriogomes.com.br\/wp-content\/uploads\/2020\/03\/images-54.jpeg\" data-link=\"http:\/\/blogdorogeriogomes.com.br\/?attachment_id=15881\" class=\"wp-image-15881\" srcset=\"https:\/\/blogdorogeriogomes.com.br\/noticias\/wp-content\/uploads\/2020\/03\/images-54.jpeg 696w, https:\/\/blogdorogeriogomes.com.br\/noticias\/wp-content\/uploads\/2020\/03\/images-54-300x188.jpeg 300w\" sizes=\"auto, (max-width: 696px) 100vw, 696px\" \/><\/figure><\/li><\/ul><\/figure>\n","protected":false},"excerpt":{"rendered":"<p>O Minist\u00e9rio da Sa\u00fade come\u00e7a a receber inscri\u00e7\u00f5es de m\u00e9dicos que desejam se engajar no mutir\u00e3o contra o coronav\u00edrus, a partir da pr\u00f3xima segunda-feira, dia 16 de mar\u00e7o. Os profissionais precisam ter registro no Conselho Regional de Medicina &#8211; Brasil. A expectativa \u00e9 que os m\u00e9dicos j\u00e1 comecem a atuar nos munic\u00edpios no in\u00edcio de abril.A for\u00e7a tarefa do Programa Mais M\u00e9dicos, que andava em baixa no Governo Bolsonaro e volta ser valorizado neste momento de crise, vai atuar&hellip;<\/p>\n","protected":false},"author":1,"featured_media":15881,"comment_status":"open","ping_status":"open","sticky":false,"template":"","format":"standard","meta":{"footnotes":""},"categories":[1],"tags":[],"class_list":["post-15880","post","type-post","status-publish","format-standard","has-post-thumbnail","hentry","category-noticias"],"_links":{"self":[{"href":"https:\/\/blogdorogeriogomes.com.br\/noticias\/wp-json\/wp\/v2\/posts\/15880","targetHints":{"allow":["GET"]}}],"collection":[{"href":"https:\/\/blogdorogeriogomes.com.br\/noticias\/wp-json\/wp\/v2\/posts"}],"about":[{"href":"https:\/\/blogdorogeriogomes.com.br\/noticias\/wp-json\/wp\/v2\/types\/post"}],"author":[{"embeddable":true,"href":"https:\/\/blogdorogeriogomes.com.br\/noticias\/wp-json\/wp\/v2\/users\/1"}],"replies":[{"embeddable":true,"href":"https:\/\/blogdorogeriogomes.com.br\/noticias\/wp-json\/wp\/v2\/comments?post=15880"}],"version-history":[{"count":1,"href":"https:\/\/blogdorogeriogomes.com.br\/noticias\/wp-json\/wp\/v2\/posts\/15880\/revisions"}],"predecessor-version":[{"id":15882,"href":"https:\/\/blogdorogeriogomes.com.br\/noticias\/wp-json\/wp\/v2\/posts\/15880\/revisions\/15882"}],"wp:featuredmedia":[{"embeddable":true,"href":"https:\/\/blogdorogeriogomes.com.br\/noticias\/wp-json\/wp\/v2\/media\/15881"}],"wp:attachment":[{"href":"https:\/\/blogdorogeriogomes.com.br\/noticias\/wp-json\/wp\/v2\/media?parent=15880"}],"wp:term":[{"taxonomy":"category","embeddable":true,"href":"https:\/\/blogdorogeriogomes.com.br\/noticias\/wp-json\/wp\/v2\/categories?post=15880"},{"taxonomy":"post_tag","embeddable":true,"href":"https:\/\/blogdorogeriogomes.com.br\/noticias\/wp-json\/wp\/v2\/tags?post=15880"}],"curies":[{"name":"wp","href":"https:\/\/api.w.org\/{rel}","templated":true}]}}