{"id":15887,"date":"2020-03-14T11:27:47","date_gmt":"2020-03-14T11:27:47","guid":{"rendered":"http:\/\/blogdorogeriogomes.com.br\/?p=15887"},"modified":"2020-03-14T13:03:16","modified_gmt":"2020-03-14T13:03:16","slug":"prefeito-de-fortaleza-assina-ordem-de-servicos-para-construcao-de-novas-escolas-de-tempo-integral","status":"publish","type":"post","link":"https:\/\/blogdorogeriogomes.com.br\/noticias\/2020\/03\/prefeito-de-fortaleza-assina-ordem-de-servicos-para-construcao-de-novas-escolas-de-tempo-integral\/","title":{"rendered":"Prefeito de Fortaleza assina ordem de servi\u00e7os para constru\u00e7\u00e3o de novas escolas de tempo integral"},"content":{"rendered":"\n<p>O prefeito de Fortaleza, Roberto Cl\u00e1udio, assina, nesta segunda-feira, dia 16 de mar\u00e7o, as ordens de servi\u00e7o para constru\u00e7\u00e3o de novas Escolas de Tempo Integral, de um Centro de Educa\u00e7\u00e3o Infantil e quadras poliesportivas. Durante a cerim\u00f4nia de assinatura, que acontecer\u00e1 no Teatro S\u00e3o Jos\u00e9, o prefeito da Capital vai anunciar os bairros a serem contemplados com os novos equipamentos.<br>\nA iniciativa faz parte do Programa Mais A\u00e7\u00e3o, que envolve investimentos de R$ 1 bilh\u00e3o e 500 milh\u00f5es de reais na reforma e constru\u00e7\u00e3o de unidades de sa\u00fade, requalifica\u00e7\u00e3o de espa\u00e7os p\u00fablicos, edifica\u00e7\u00e3o de Centros de Educa\u00e7\u00e3o Infantil e Escolas de Tempo Integral, urbaniza\u00e7\u00e3o de lagoas, drenagem e pavimenta\u00e7\u00e3o de vias, al\u00e9m da amplia\u00e7\u00e3o do projeto Areninhas, a implanta\u00e7\u00e3o de bin\u00e1rios, ciclofaixas e de melhorias voltadas ao transporte p\u00fablico municipal. A meta do programa \u00e9 atender, at\u00e9 o fim do ano, todas as Regionais da Capital.<\/p>\n\n\n\n<figure class=\"wp-block-gallery columns-1 is-cropped wp-block-gallery-1 is-layout-flex wp-block-gallery-is-layout-flex\"><ul class=\"blocks-gallery-grid\"><li class=\"blocks-gallery-item\"><figure><img loading=\"lazy\" decoding=\"async\" width=\"678\" height=\"452\" src=\"http:\/\/blogdorogeriogomes.com.br\/wp-content\/uploads\/2020\/03\/images-55.jpeg\" alt=\"\" data-id=\"15888\" data-full-url=\"http:\/\/blogdorogeriogomes.com.br\/wp-content\/uploads\/2020\/03\/images-55.jpeg\" data-link=\"http:\/\/blogdorogeriogomes.com.br\/?attachment_id=15888\" class=\"wp-image-15888\" srcset=\"https:\/\/blogdorogeriogomes.com.br\/noticias\/wp-content\/uploads\/2020\/03\/images-55.jpeg 678w, https:\/\/blogdorogeriogomes.com.br\/noticias\/wp-content\/uploads\/2020\/03\/images-55-300x200.jpeg 300w\" sizes=\"auto, (max-width: 678px) 100vw, 678px\" \/><\/figure><\/li><\/ul><\/figure>\n","protected":false},"excerpt":{"rendered":"<p>O prefeito de Fortaleza, Roberto Cl\u00e1udio, assina, nesta segunda-feira, dia 16 de mar\u00e7o, as ordens de servi\u00e7o para constru\u00e7\u00e3o de novas Escolas de Tempo Integral, de um Centro de Educa\u00e7\u00e3o Infantil e quadras poliesportivas. Durante a cerim\u00f4nia de assinatura, que acontecer\u00e1 no Teatro S\u00e3o Jos\u00e9, o prefeito da Capital vai anunciar os bairros a serem contemplados com os novos equipamentos. A iniciativa faz parte do Programa Mais A\u00e7\u00e3o, que envolve investimentos de R$ 1 bilh\u00e3o e 500 milh\u00f5es de&hellip;<\/p>\n","protected":false},"author":1,"featured_media":15888,"comment_status":"open","ping_status":"open","sticky":false,"template":"","format":"standard","meta":{"footnotes":""},"categories":[1],"tags":[],"class_list":["post-15887","post","type-post","status-publish","format-standard","has-post-thumbnail","hentry","category-noticias"],"_links":{"self":[{"href":"https:\/\/blogdorogeriogomes.com.br\/noticias\/wp-json\/wp\/v2\/posts\/15887","targetHints":{"allow":["GET"]}}],"collection":[{"href":"https:\/\/blogdorogeriogomes.com.br\/noticias\/wp-json\/wp\/v2\/posts"}],"about":[{"href":"https:\/\/blogdorogeriogomes.com.br\/noticias\/wp-json\/wp\/v2\/types\/post"}],"author":[{"embeddable":true,"href":"https:\/\/blogdorogeriogomes.com.br\/noticias\/wp-json\/wp\/v2\/users\/1"}],"replies":[{"embeddable":true,"href":"https:\/\/blogdorogeriogomes.com.br\/noticias\/wp-json\/wp\/v2\/comments?post=15887"}],"version-history":[{"count":1,"href":"https:\/\/blogdorogeriogomes.com.br\/noticias\/wp-json\/wp\/v2\/posts\/15887\/revisions"}],"predecessor-version":[{"id":15889,"href":"https:\/\/blogdorogeriogomes.com.br\/noticias\/wp-json\/wp\/v2\/posts\/15887\/revisions\/15889"}],"wp:featuredmedia":[{"embeddable":true,"href":"https:\/\/blogdorogeriogomes.com.br\/noticias\/wp-json\/wp\/v2\/media\/15888"}],"wp:attachment":[{"href":"https:\/\/blogdorogeriogomes.com.br\/noticias\/wp-json\/wp\/v2\/media?parent=15887"}],"wp:term":[{"taxonomy":"category","embeddable":true,"href":"https:\/\/blogdorogeriogomes.com.br\/noticias\/wp-json\/wp\/v2\/categories?post=15887"},{"taxonomy":"post_tag","embeddable":true,"href":"https:\/\/blogdorogeriogomes.com.br\/noticias\/wp-json\/wp\/v2\/tags?post=15887"}],"curies":[{"name":"wp","href":"https:\/\/api.w.org\/{rel}","templated":true}]}}