{"id":15890,"date":"2020-03-14T11:47:55","date_gmt":"2020-03-14T11:47:55","guid":{"rendered":"http:\/\/blogdorogeriogomes.com.br\/?p=15890"},"modified":"2020-03-14T13:03:20","modified_gmt":"2020-03-14T13:03:20","slug":"hospital-particular-no-centro-de-fortaleza-e-requisitado-pelo-estado-para-atuar-no-tratamento-de-pacientes-com-coronavirus","status":"publish","type":"post","link":"https:\/\/blogdorogeriogomes.com.br\/noticias\/2020\/03\/hospital-particular-no-centro-de-fortaleza-e-requisitado-pelo-estado-para-atuar-no-tratamento-de-pacientes-com-coronavirus\/","title":{"rendered":"Hospital particular no Centro de Fortaleza \u00e9 requisitado pelo Estado para atuar no tratamento de pacientes com coronav\u00edrus"},"content":{"rendered":"\n<p>O Governo do Estado requisitou as instala\u00e7\u00f5es do Hospital Leonardo da Vinci, em Fortaleza, para atuar como refer\u00eancia de tratamento de casos de coronav\u00edrus. A unidade particular fica localizada no Centro da Capital e vai abrigar 230 leitos de enfermaria e Unidade de Terapia Intensiva (UTI). O equipamento ser\u00e1 utilizado como retaguarda pela Secretaria de Sa\u00fade do Cear\u00e1 (Sesa) para o tratamento de casos suspeitos e eventuais confirma\u00e7\u00f5es de casos do novo coronav\u00edrus. O hospital passar\u00e1 a ser gerenciado pela Sesa.<br>\nO governador Camilo Santana anunciou nesta semana a libera\u00e7\u00e3o de R$ 45 milh\u00f5es para expans\u00e3o da rede hospitalar do Estado, a fim de se preparar para o avan\u00e7o do Covid-19.<\/p>\n\n\n\n<figure class=\"wp-block-gallery columns-1 is-cropped wp-block-gallery-1 is-layout-flex wp-block-gallery-is-layout-flex\"><ul class=\"blocks-gallery-grid\"><li class=\"blocks-gallery-item\"><figure><img loading=\"lazy\" decoding=\"async\" width=\"460\" height=\"274\" src=\"http:\/\/blogdorogeriogomes.com.br\/wp-content\/uploads\/2020\/03\/1_hospital_leonardo_da_vinci_opovo-12171357.jpg\" alt=\"\" data-id=\"15891\" data-full-url=\"http:\/\/blogdorogeriogomes.com.br\/wp-content\/uploads\/2020\/03\/1_hospital_leonardo_da_vinci_opovo-12171357.jpg\" data-link=\"http:\/\/blogdorogeriogomes.com.br\/?attachment_id=15891\" class=\"wp-image-15891\" srcset=\"https:\/\/blogdorogeriogomes.com.br\/noticias\/wp-content\/uploads\/2020\/03\/1_hospital_leonardo_da_vinci_opovo-12171357.jpg 460w, https:\/\/blogdorogeriogomes.com.br\/noticias\/wp-content\/uploads\/2020\/03\/1_hospital_leonardo_da_vinci_opovo-12171357-300x179.jpg 300w\" sizes=\"auto, (max-width: 460px) 100vw, 460px\" \/><\/figure><\/li><\/ul><\/figure>\n","protected":false},"excerpt":{"rendered":"<p>O Governo do Estado requisitou as instala\u00e7\u00f5es do Hospital Leonardo da Vinci, em Fortaleza, para atuar como refer\u00eancia de tratamento de casos de coronav\u00edrus. A unidade particular fica localizada no Centro da Capital e vai abrigar 230 leitos de enfermaria e Unidade de Terapia Intensiva (UTI). O equipamento ser\u00e1 utilizado como retaguarda pela Secretaria de Sa\u00fade do Cear\u00e1 (Sesa) para o tratamento de casos suspeitos e eventuais confirma\u00e7\u00f5es de casos do novo coronav\u00edrus. O hospital passar\u00e1 a ser gerenciado&hellip;<\/p>\n","protected":false},"author":1,"featured_media":15891,"comment_status":"open","ping_status":"open","sticky":false,"template":"","format":"standard","meta":{"footnotes":""},"categories":[1],"tags":[],"class_list":["post-15890","post","type-post","status-publish","format-standard","has-post-thumbnail","hentry","category-noticias"],"_links":{"self":[{"href":"https:\/\/blogdorogeriogomes.com.br\/noticias\/wp-json\/wp\/v2\/posts\/15890","targetHints":{"allow":["GET"]}}],"collection":[{"href":"https:\/\/blogdorogeriogomes.com.br\/noticias\/wp-json\/wp\/v2\/posts"}],"about":[{"href":"https:\/\/blogdorogeriogomes.com.br\/noticias\/wp-json\/wp\/v2\/types\/post"}],"author":[{"embeddable":true,"href":"https:\/\/blogdorogeriogomes.com.br\/noticias\/wp-json\/wp\/v2\/users\/1"}],"replies":[{"embeddable":true,"href":"https:\/\/blogdorogeriogomes.com.br\/noticias\/wp-json\/wp\/v2\/comments?post=15890"}],"version-history":[{"count":1,"href":"https:\/\/blogdorogeriogomes.com.br\/noticias\/wp-json\/wp\/v2\/posts\/15890\/revisions"}],"predecessor-version":[{"id":15892,"href":"https:\/\/blogdorogeriogomes.com.br\/noticias\/wp-json\/wp\/v2\/posts\/15890\/revisions\/15892"}],"wp:featuredmedia":[{"embeddable":true,"href":"https:\/\/blogdorogeriogomes.com.br\/noticias\/wp-json\/wp\/v2\/media\/15891"}],"wp:attachment":[{"href":"https:\/\/blogdorogeriogomes.com.br\/noticias\/wp-json\/wp\/v2\/media?parent=15890"}],"wp:term":[{"taxonomy":"category","embeddable":true,"href":"https:\/\/blogdorogeriogomes.com.br\/noticias\/wp-json\/wp\/v2\/categories?post=15890"},{"taxonomy":"post_tag","embeddable":true,"href":"https:\/\/blogdorogeriogomes.com.br\/noticias\/wp-json\/wp\/v2\/tags?post=15890"}],"curies":[{"name":"wp","href":"https:\/\/api.w.org\/{rel}","templated":true}]}}