{"id":15893,"date":"2020-03-14T13:47:44","date_gmt":"2020-03-14T13:47:44","guid":{"rendered":"http:\/\/blogdorogeriogomes.com.br\/?p=15893"},"modified":"2020-03-16T10:24:17","modified_gmt":"2020-03-16T10:24:17","slug":"morte-de-gustavo-bebianno-gera-especulacoes-sobre-material-que-o-ex-ministro-teria-deixado-gravado","status":"publish","type":"post","link":"https:\/\/blogdorogeriogomes.com.br\/noticias\/2020\/03\/morte-de-gustavo-bebianno-gera-especulacoes-sobre-material-que-o-ex-ministro-teria-deixado-gravado\/","title":{"rendered":"Morte de Gustavo Bebianno gera especula\u00e7\u00f5es sobre material que o ex-ministro teria deixado gravado"},"content":{"rendered":"\n<p>A morte de infarto fulminante do ex-ministro de Bolsonaro, Gustavo Bebianno, neste s\u00e1bado, dia 14 de mar\u00e7o, gera muitas especula\u00e7\u00f5es sobre informa\u00e7\u00f5es que o ent\u00e3o pr\u00e9-candidato \u00e0 Prefeitura do Rio de Janeiro teria sobre a campanha presidencial do ano passado, rela\u00e7\u00e3o de Bolsonaro com o PSL e as desaven\u00e7as da fam\u00edlia Bolsonaro.<br> Gustavo Bebianno foi um dos homens de confian\u00e7a de Bolsonaro. Coordenou a campanha do atual presidente da Rep\u00fablica, mas foi demitido do cargo ap\u00f3s desaven\u00e7as p\u00fablicas com o filho de Bolsonaro, o vereador Carlos Bolsonaro. Ele permaneceu no cargo de secret\u00e1rio-geral da Presid\u00eancia por apenas um m\u00eas e 18 dias, protagonizando a primeira crise do governo, sobre o caso das candidatas laranjas do PSL.<br> Filiado ao PSDB do Rio de Janeiro, Gustavo Bebianno se dizia amea\u00e7ado. Em entrevistas, falava ter material gravado fora do Brasil contra Jair Bolsonaro. &#8220;N\u00e3o tenho medo do Bolsonaro. Meu material est\u00e1 guardado fora do Brasil\u201d, disse Bebianno sobre as amea\u00e7as que sofria, depois de ter rompido com o Presidente.<br> Em Bras\u00edlia, tamb\u00e9m circula a informa\u00e7\u00e3o que Bebianno teria escrito cartas para serem abertas caso sofresse algum atentado.<br> \u00c9 esperar os desdobramentos da morte do ex-ministro.<\/p>\n\n\n\n<figure class=\"wp-block-gallery columns-1 is-cropped wp-block-gallery-1 is-layout-flex wp-block-gallery-is-layout-flex\"><ul class=\"blocks-gallery-grid\"><li class=\"blocks-gallery-item\"><figure><img loading=\"lazy\" decoding=\"async\" width=\"700\" height=\"438\" src=\"http:\/\/blogdorogeriogomes.com.br\/wp-content\/uploads\/2020\/03\/images-57.jpeg\" alt=\"\" data-id=\"15894\" data-full-url=\"http:\/\/blogdorogeriogomes.com.br\/wp-content\/uploads\/2020\/03\/images-57.jpeg\" data-link=\"http:\/\/blogdorogeriogomes.com.br\/?attachment_id=15894\" class=\"wp-image-15894\" srcset=\"https:\/\/blogdorogeriogomes.com.br\/noticias\/wp-content\/uploads\/2020\/03\/images-57.jpeg 700w, https:\/\/blogdorogeriogomes.com.br\/noticias\/wp-content\/uploads\/2020\/03\/images-57-300x188.jpeg 300w\" sizes=\"auto, (max-width: 700px) 100vw, 700px\" \/><\/figure><\/li><\/ul><\/figure>\n","protected":false},"excerpt":{"rendered":"<p>A morte de infarto fulminante do ex-ministro de Bolsonaro, Gustavo Bebianno, neste s\u00e1bado, dia 14 de mar\u00e7o, gera muitas especula\u00e7\u00f5es sobre informa\u00e7\u00f5es que o ent\u00e3o pr\u00e9-candidato \u00e0 Prefeitura do Rio de Janeiro teria sobre a campanha presidencial do ano passado, rela\u00e7\u00e3o de Bolsonaro com o PSL e as desaven\u00e7as da fam\u00edlia Bolsonaro. Gustavo Bebianno foi um dos homens de confian\u00e7a de Bolsonaro. Coordenou a campanha do atual presidente da Rep\u00fablica, mas foi demitido do cargo ap\u00f3s desaven\u00e7as p\u00fablicas com&hellip;<\/p>\n","protected":false},"author":1,"featured_media":15894,"comment_status":"open","ping_status":"open","sticky":false,"template":"","format":"standard","meta":{"footnotes":""},"categories":[1],"tags":[],"class_list":["post-15893","post","type-post","status-publish","format-standard","has-post-thumbnail","hentry","category-noticias"],"_links":{"self":[{"href":"https:\/\/blogdorogeriogomes.com.br\/noticias\/wp-json\/wp\/v2\/posts\/15893","targetHints":{"allow":["GET"]}}],"collection":[{"href":"https:\/\/blogdorogeriogomes.com.br\/noticias\/wp-json\/wp\/v2\/posts"}],"about":[{"href":"https:\/\/blogdorogeriogomes.com.br\/noticias\/wp-json\/wp\/v2\/types\/post"}],"author":[{"embeddable":true,"href":"https:\/\/blogdorogeriogomes.com.br\/noticias\/wp-json\/wp\/v2\/users\/1"}],"replies":[{"embeddable":true,"href":"https:\/\/blogdorogeriogomes.com.br\/noticias\/wp-json\/wp\/v2\/comments?post=15893"}],"version-history":[{"count":1,"href":"https:\/\/blogdorogeriogomes.com.br\/noticias\/wp-json\/wp\/v2\/posts\/15893\/revisions"}],"predecessor-version":[{"id":15895,"href":"https:\/\/blogdorogeriogomes.com.br\/noticias\/wp-json\/wp\/v2\/posts\/15893\/revisions\/15895"}],"wp:featuredmedia":[{"embeddable":true,"href":"https:\/\/blogdorogeriogomes.com.br\/noticias\/wp-json\/wp\/v2\/media\/15894"}],"wp:attachment":[{"href":"https:\/\/blogdorogeriogomes.com.br\/noticias\/wp-json\/wp\/v2\/media?parent=15893"}],"wp:term":[{"taxonomy":"category","embeddable":true,"href":"https:\/\/blogdorogeriogomes.com.br\/noticias\/wp-json\/wp\/v2\/categories?post=15893"},{"taxonomy":"post_tag","embeddable":true,"href":"https:\/\/blogdorogeriogomes.com.br\/noticias\/wp-json\/wp\/v2\/tags?post=15893"}],"curies":[{"name":"wp","href":"https:\/\/api.w.org\/{rel}","templated":true}]}}