{"id":15899,"date":"2020-03-15T23:22:41","date_gmt":"2020-03-15T23:22:41","guid":{"rendered":"http:\/\/blogdorogeriogomes.com.br\/?p=15899"},"modified":"2020-03-16T10:25:03","modified_gmt":"2020-03-16T10:25:03","slug":"bolsonaro-ignora-recomendacoes-das-autoridades-de-saude-e-participa-de-manifestacao-ao-lado-de-apoiadores","status":"publish","type":"post","link":"https:\/\/blogdorogeriogomes.com.br\/noticias\/2020\/03\/bolsonaro-ignora-recomendacoes-das-autoridades-de-saude-e-participa-de-manifestacao-ao-lado-de-apoiadores\/","title":{"rendered":"Bolsonaro ignora recomenda\u00e7\u00f5es das autoridades de sa\u00fade e participa de manifesta\u00e7\u00e3o ao lado de apoiadores"},"content":{"rendered":"\n<p>O presidente Jair Bolsonaro resolveu deixar de lado todas as recomenda\u00e7\u00f5es das autoridades de sa\u00fade do pr\u00f3prio Governo dele e participou de forma efetiva das manifesta\u00e7\u00f5es de seus apoiadores contra o Congresso Nacional e STF, neste domingo, dia 15 de mar\u00e7o. Em Bras\u00edlia, ele cumprimentou e tirou selfies com eleitores. Bolsonaro chegou h\u00e1 quatro dias dos Estados Unidos e ignorou recomenda\u00e7\u00f5es que pedem isolamento por sete dias ap\u00f3s viagem ao Exterior e redu\u00e7\u00e3o dos contatos sociais para desacelerar a propaga\u00e7\u00e3o do coronav\u00edrus.<br>\nO mais impressionante \u00e9 que enquanto Bolsonaro participava dos atos em frente ao Pal\u00e1cio do Planalto, o Minist\u00e9rio da Sa\u00fade publicava um apelo nas redes sociais para que pessoas com mais de 60 anos, a maioria dos manifestantes pr\u00f3-governo que sa\u00edram \u00e0s ruas em 17 estados, buscassem o isolamento para evitar o cont\u00e1gio do coronav\u00edrus. D\u00e1 pra entender uma atitude dessa do Presidente da Rep\u00fablica? Bolsonaro completa 65 anos no pr\u00f3ximo dia 21 de mar\u00e7o.<br>\nA rea\u00e7\u00e3o no meio pol\u00edtico n\u00e3o poderia ter sido pior. Cr\u00edticas de governadores, senadores e deputados federais contra a atitude de Bolsonaro ganharam as redes sociais. O coronav\u00edrus faz cada vez mais v\u00edtimas fatais em n\u00edvel mundial. S\u00f3 na It\u00e1lia, s\u00e3o mais de 1.800 mortes.<br>\nO presidente da Ordem dos Advogados do Brasil (OAB), Felipe Santa Cruz, classificou a atitude de Bolsonaro contra a democracia.  &#8220;O pensamento ego\u00edsta de quem n\u00e3o se considera no grupo de risco parece incapaz de ultrapassar o racioc\u00ednio mais b\u00e1sico de que ningu\u00e9m \u00e9 uma bolha e que todos cercamos pessoas para as quais a contamina\u00e7\u00e3o pode, sim, representar mais que uma gripe qualquer. As ren\u00fancias que este momento exige s\u00e3o uma demonstra\u00e7\u00e3o de compromisso com o coletivo&#8221;.<\/p>\n\n\n\n<figure class=\"wp-block-gallery columns-1 is-cropped wp-block-gallery-1 is-layout-flex wp-block-gallery-is-layout-flex\"><ul class=\"blocks-gallery-grid\"><li class=\"blocks-gallery-item\"><figure><img loading=\"lazy\" decoding=\"async\" width=\"1024\" height=\"683\" src=\"http:\/\/blogdorogeriogomes.com.br\/wp-content\/uploads\/2020\/03\/15843020005e6e87b0d6fbb_1584302000_3x2_lg.jpg\" alt=\"\" data-id=\"15900\" data-full-url=\"http:\/\/blogdorogeriogomes.com.br\/wp-content\/uploads\/2020\/03\/15843020005e6e87b0d6fbb_1584302000_3x2_lg.jpg\" data-link=\"http:\/\/blogdorogeriogomes.com.br\/?attachment_id=15900\" class=\"wp-image-15900\" srcset=\"https:\/\/blogdorogeriogomes.com.br\/noticias\/wp-content\/uploads\/2020\/03\/15843020005e6e87b0d6fbb_1584302000_3x2_lg.jpg 1024w, https:\/\/blogdorogeriogomes.com.br\/noticias\/wp-content\/uploads\/2020\/03\/15843020005e6e87b0d6fbb_1584302000_3x2_lg-300x200.jpg 300w, https:\/\/blogdorogeriogomes.com.br\/noticias\/wp-content\/uploads\/2020\/03\/15843020005e6e87b0d6fbb_1584302000_3x2_lg-768x512.jpg 768w, https:\/\/blogdorogeriogomes.com.br\/noticias\/wp-content\/uploads\/2020\/03\/15843020005e6e87b0d6fbb_1584302000_3x2_lg-800x534.jpg 800w\" sizes=\"auto, (max-width: 1024px) 100vw, 1024px\" \/><\/figure><\/li><\/ul><\/figure>\n","protected":false},"excerpt":{"rendered":"<p>O presidente Jair Bolsonaro resolveu deixar de lado todas as recomenda\u00e7\u00f5es das autoridades de sa\u00fade do pr\u00f3prio Governo dele e participou de forma efetiva das manifesta\u00e7\u00f5es de seus apoiadores contra o Congresso Nacional e STF, neste domingo, dia 15 de mar\u00e7o. Em Bras\u00edlia, ele cumprimentou e tirou selfies com eleitores. Bolsonaro chegou h\u00e1 quatro dias dos Estados Unidos e ignorou recomenda\u00e7\u00f5es que pedem isolamento por sete dias ap\u00f3s viagem ao Exterior e redu\u00e7\u00e3o dos contatos sociais para desacelerar a&hellip;<\/p>\n","protected":false},"author":1,"featured_media":15900,"comment_status":"open","ping_status":"open","sticky":false,"template":"","format":"standard","meta":{"footnotes":""},"categories":[1],"tags":[],"class_list":["post-15899","post","type-post","status-publish","format-standard","has-post-thumbnail","hentry","category-noticias"],"_links":{"self":[{"href":"https:\/\/blogdorogeriogomes.com.br\/noticias\/wp-json\/wp\/v2\/posts\/15899","targetHints":{"allow":["GET"]}}],"collection":[{"href":"https:\/\/blogdorogeriogomes.com.br\/noticias\/wp-json\/wp\/v2\/posts"}],"about":[{"href":"https:\/\/blogdorogeriogomes.com.br\/noticias\/wp-json\/wp\/v2\/types\/post"}],"author":[{"embeddable":true,"href":"https:\/\/blogdorogeriogomes.com.br\/noticias\/wp-json\/wp\/v2\/users\/1"}],"replies":[{"embeddable":true,"href":"https:\/\/blogdorogeriogomes.com.br\/noticias\/wp-json\/wp\/v2\/comments?post=15899"}],"version-history":[{"count":1,"href":"https:\/\/blogdorogeriogomes.com.br\/noticias\/wp-json\/wp\/v2\/posts\/15899\/revisions"}],"predecessor-version":[{"id":15901,"href":"https:\/\/blogdorogeriogomes.com.br\/noticias\/wp-json\/wp\/v2\/posts\/15899\/revisions\/15901"}],"wp:featuredmedia":[{"embeddable":true,"href":"https:\/\/blogdorogeriogomes.com.br\/noticias\/wp-json\/wp\/v2\/media\/15900"}],"wp:attachment":[{"href":"https:\/\/blogdorogeriogomes.com.br\/noticias\/wp-json\/wp\/v2\/media?parent=15899"}],"wp:term":[{"taxonomy":"category","embeddable":true,"href":"https:\/\/blogdorogeriogomes.com.br\/noticias\/wp-json\/wp\/v2\/categories?post=15899"},{"taxonomy":"post_tag","embeddable":true,"href":"https:\/\/blogdorogeriogomes.com.br\/noticias\/wp-json\/wp\/v2\/tags?post=15899"}],"curies":[{"name":"wp","href":"https:\/\/api.w.org\/{rel}","templated":true}]}}