{"id":15905,"date":"2020-03-16T09:51:21","date_gmt":"2020-03-16T09:51:21","guid":{"rendered":"http:\/\/blogdorogeriogomes.com.br\/?p=15905"},"modified":"2020-03-16T10:23:07","modified_gmt":"2020-03-16T10:23:07","slug":"assembleia-legislativa-do-ceara-inicia-serie-de-restricoes-por-causa-do-coronavirus","status":"publish","type":"post","link":"https:\/\/blogdorogeriogomes.com.br\/noticias\/2020\/03\/assembleia-legislativa-do-ceara-inicia-serie-de-restricoes-por-causa-do-coronavirus\/","title":{"rendered":"Assembleia Legislativa do Cear\u00e1 inicia s\u00e9rie de restri\u00e7\u00f5es por causa do coronav\u00edrus"},"content":{"rendered":"\n<p>Diante do avan\u00e7o do coronav\u00edrus em todo o Pa\u00eds, a Assembleia Legislativa do Cear\u00e1 inicia, nesta segunda-feira, dia 16 de mar\u00e7o, uma s\u00e9rie de restri\u00e7\u00f5es para evitar ainda mais a dissemina\u00e7\u00e3o do v\u00edrus. A Casa vai disponibilizar \u00e1lcool em gel 70% nos acessos e depend\u00eancias e passar\u00e1 a realizar triagem de visitantes por meio da equipe de sa\u00fade, que est\u00e1 sendo capacitada pela Sesa para realizar abordagens, identificar casos suspeitos com qualquer sintoma gripal e tomar as provid\u00eancias necess\u00e1rias. O mesmo ocorrer\u00e1 com servidores.<br>\nA Assembleia Legislativa tamb\u00e9m far\u00e1 contato com funcion\u00e1rios que integram o grupo de risco para a infec\u00e7\u00e3o por Covid-19, como idosos e pessoas com diabetes, hipertens\u00e3o arterial e insufici\u00eancia card\u00edaca, recomendando que evitem aglomera\u00e7\u00f5es e reuni\u00f5es em ambientes fechados. Ser\u00e1 realizada busca ativa entre servidores e aqueles que apresentarem sintomas gripais dever\u00e3o permanecer em casa, em repouso.<br>\nTamb\u00e9m est\u00e3o suspensas as autoriza\u00e7\u00f5es para afastamento em miss\u00e3o oficial de servidores ou de parlamentares para locais onde houve ou h\u00e1 infec\u00e7\u00e3o pelo v\u00edrus. Eventos a serem realizados nos pr\u00e9dios da institui\u00e7\u00e3o, n\u00e3o diretamente relacionados a atividades legislativas ou a comiss\u00f5es, ficam suspensos a partir da pr\u00f3xima sexta-feira, dia 20.<\/p>\n\n\n\n<figure class=\"wp-block-gallery columns-1 is-cropped wp-block-gallery-1 is-layout-flex wp-block-gallery-is-layout-flex\"><ul class=\"blocks-gallery-grid\"><li class=\"blocks-gallery-item\"><figure><img loading=\"lazy\" decoding=\"async\" width=\"678\" height=\"452\" src=\"http:\/\/blogdorogeriogomes.com.br\/wp-content\/uploads\/2020\/03\/images-60.jpeg\" alt=\"\" data-id=\"15906\" data-full-url=\"http:\/\/blogdorogeriogomes.com.br\/wp-content\/uploads\/2020\/03\/images-60.jpeg\" data-link=\"http:\/\/blogdorogeriogomes.com.br\/?attachment_id=15906\" class=\"wp-image-15906\" srcset=\"https:\/\/blogdorogeriogomes.com.br\/noticias\/wp-content\/uploads\/2020\/03\/images-60.jpeg 678w, https:\/\/blogdorogeriogomes.com.br\/noticias\/wp-content\/uploads\/2020\/03\/images-60-300x200.jpeg 300w\" sizes=\"auto, (max-width: 678px) 100vw, 678px\" \/><\/figure><\/li><\/ul><\/figure>\n","protected":false},"excerpt":{"rendered":"<p>Diante do avan\u00e7o do coronav\u00edrus em todo o Pa\u00eds, a Assembleia Legislativa do Cear\u00e1 inicia, nesta segunda-feira, dia 16 de mar\u00e7o, uma s\u00e9rie de restri\u00e7\u00f5es para evitar ainda mais a dissemina\u00e7\u00e3o do v\u00edrus. A Casa vai disponibilizar \u00e1lcool em gel 70% nos acessos e depend\u00eancias e passar\u00e1 a realizar triagem de visitantes por meio da equipe de sa\u00fade, que est\u00e1 sendo capacitada pela Sesa para realizar abordagens, identificar casos suspeitos com qualquer sintoma gripal e tomar as provid\u00eancias necess\u00e1rias.&hellip;<\/p>\n","protected":false},"author":1,"featured_media":15906,"comment_status":"open","ping_status":"open","sticky":false,"template":"","format":"standard","meta":{"footnotes":""},"categories":[1],"tags":[],"class_list":["post-15905","post","type-post","status-publish","format-standard","has-post-thumbnail","hentry","category-noticias"],"_links":{"self":[{"href":"https:\/\/blogdorogeriogomes.com.br\/noticias\/wp-json\/wp\/v2\/posts\/15905","targetHints":{"allow":["GET"]}}],"collection":[{"href":"https:\/\/blogdorogeriogomes.com.br\/noticias\/wp-json\/wp\/v2\/posts"}],"about":[{"href":"https:\/\/blogdorogeriogomes.com.br\/noticias\/wp-json\/wp\/v2\/types\/post"}],"author":[{"embeddable":true,"href":"https:\/\/blogdorogeriogomes.com.br\/noticias\/wp-json\/wp\/v2\/users\/1"}],"replies":[{"embeddable":true,"href":"https:\/\/blogdorogeriogomes.com.br\/noticias\/wp-json\/wp\/v2\/comments?post=15905"}],"version-history":[{"count":1,"href":"https:\/\/blogdorogeriogomes.com.br\/noticias\/wp-json\/wp\/v2\/posts\/15905\/revisions"}],"predecessor-version":[{"id":15907,"href":"https:\/\/blogdorogeriogomes.com.br\/noticias\/wp-json\/wp\/v2\/posts\/15905\/revisions\/15907"}],"wp:featuredmedia":[{"embeddable":true,"href":"https:\/\/blogdorogeriogomes.com.br\/noticias\/wp-json\/wp\/v2\/media\/15906"}],"wp:attachment":[{"href":"https:\/\/blogdorogeriogomes.com.br\/noticias\/wp-json\/wp\/v2\/media?parent=15905"}],"wp:term":[{"taxonomy":"category","embeddable":true,"href":"https:\/\/blogdorogeriogomes.com.br\/noticias\/wp-json\/wp\/v2\/categories?post=15905"},{"taxonomy":"post_tag","embeddable":true,"href":"https:\/\/blogdorogeriogomes.com.br\/noticias\/wp-json\/wp\/v2\/tags?post=15905"}],"curies":[{"name":"wp","href":"https:\/\/api.w.org\/{rel}","templated":true}]}}