{"id":15908,"date":"2020-03-16T13:54:10","date_gmt":"2020-03-16T13:54:10","guid":{"rendered":"http:\/\/blogdorogeriogomes.com.br\/?p=15908"},"modified":"2020-03-17T12:08:29","modified_gmt":"2020-03-17T12:08:29","slug":"prefeitura-da-capital-anuncia-inicio-de-obras-de-mais-oito-escolas-de-tempo-integral","status":"publish","type":"post","link":"https:\/\/blogdorogeriogomes.com.br\/noticias\/2020\/03\/prefeitura-da-capital-anuncia-inicio-de-obras-de-mais-oito-escolas-de-tempo-integral\/","title":{"rendered":"Prefeitura da Capital anuncia in\u00edcio de obras de mais oito escolas de tempo integral"},"content":{"rendered":"\n<p>O prefeito de Fortaleza, Roberto Cl\u00e1udio, assinou, nesta segunda-feira, dia 16 de mar\u00e7o, as ordens de servi\u00e7o para constru\u00e7\u00e3o de novas Escolas de Tempo Integral na Capital. Durante a cerim\u00f4nia de assinatura, que aconteceu no Teatro S\u00e3o Jos\u00e9, o prefeito anunciou um investimento de cerca de R$ 175 milh\u00f5es de reais de oito escolas de tempo integral, oito de tempo parcial, 18 centros de educa\u00e7\u00e3o infantil e duas quadras poliesportivas. Oito bairros da Capital ser\u00e3o beneficiados com as escolas de tempo integral: Siqueira, Barroso, Autran Nunes, Parque Presidente Vargas, Jangurussu, Granja Lisboa, Parque Dois Irm\u00e3os e Ant\u00f4nio Bezerra.<br>\nDiante da confirma\u00e7\u00e3o de tr\u00eas casos confirmados de coronav\u00edrus em Fortaleza, o prefeito Roberto Cl\u00e1udio j\u00e1 determinou medidas para evitar eventos p\u00fablicos de inaugura\u00e7\u00e3o de obras na Capital. Roberto Cl\u00e1udio tamb\u00e9m determinou que o Procon Municipal fiscalize estabelecimentos comerciais de Fortaleza que est\u00e3o ajudando na cobran\u00e7a de produtos utilizados pela popula\u00e7\u00e3o para se prevenir do coronav\u00edrus.<\/p>\n\n\n\n<figure class=\"wp-block-gallery columns-1 is-cropped wp-block-gallery-1 is-layout-flex wp-block-gallery-is-layout-flex\"><ul class=\"blocks-gallery-grid\"><li class=\"blocks-gallery-item\"><figure><img loading=\"lazy\" decoding=\"async\" width=\"1024\" height=\"1024\" src=\"http:\/\/blogdorogeriogomes.com.br\/wp-content\/uploads\/2020\/03\/IMG_20200316_104810_515-1024x1024.jpg\" alt=\"\" data-id=\"15909\" data-full-url=\"http:\/\/blogdorogeriogomes.com.br\/wp-content\/uploads\/2020\/03\/IMG_20200316_104810_515.jpg\" data-link=\"http:\/\/blogdorogeriogomes.com.br\/?attachment_id=15909\" class=\"wp-image-15909\" srcset=\"https:\/\/blogdorogeriogomes.com.br\/noticias\/wp-content\/uploads\/2020\/03\/IMG_20200316_104810_515-1024x1024.jpg 1024w, https:\/\/blogdorogeriogomes.com.br\/noticias\/wp-content\/uploads\/2020\/03\/IMG_20200316_104810_515-300x300.jpg 300w, https:\/\/blogdorogeriogomes.com.br\/noticias\/wp-content\/uploads\/2020\/03\/IMG_20200316_104810_515-150x150.jpg 150w, https:\/\/blogdorogeriogomes.com.br\/noticias\/wp-content\/uploads\/2020\/03\/IMG_20200316_104810_515-768x768.jpg 768w, https:\/\/blogdorogeriogomes.com.br\/noticias\/wp-content\/uploads\/2020\/03\/IMG_20200316_104810_515-1536x1536.jpg 1536w, https:\/\/blogdorogeriogomes.com.br\/noticias\/wp-content\/uploads\/2020\/03\/IMG_20200316_104810_515-2048x2048.jpg 2048w, https:\/\/blogdorogeriogomes.com.br\/noticias\/wp-content\/uploads\/2020\/03\/IMG_20200316_104810_515-800x800.jpg 800w, https:\/\/blogdorogeriogomes.com.br\/noticias\/wp-content\/uploads\/2020\/03\/IMG_20200316_104810_515-250x250.jpg 250w\" sizes=\"auto, (max-width: 1024px) 100vw, 1024px\" \/><\/figure><\/li><\/ul><\/figure>\n","protected":false},"excerpt":{"rendered":"<p>O prefeito de Fortaleza, Roberto Cl\u00e1udio, assinou, nesta segunda-feira, dia 16 de mar\u00e7o, as ordens de servi\u00e7o para constru\u00e7\u00e3o de novas Escolas de Tempo Integral na Capital. Durante a cerim\u00f4nia de assinatura, que aconteceu no Teatro S\u00e3o Jos\u00e9, o prefeito anunciou um investimento de cerca de R$ 175 milh\u00f5es de reais de oito escolas de tempo integral, oito de tempo parcial, 18 centros de educa\u00e7\u00e3o infantil e duas quadras poliesportivas. Oito bairros da Capital ser\u00e3o beneficiados com as escolas&hellip;<\/p>\n","protected":false},"author":1,"featured_media":15909,"comment_status":"open","ping_status":"open","sticky":false,"template":"","format":"standard","meta":{"footnotes":""},"categories":[1],"tags":[],"class_list":["post-15908","post","type-post","status-publish","format-standard","has-post-thumbnail","hentry","category-noticias"],"_links":{"self":[{"href":"https:\/\/blogdorogeriogomes.com.br\/noticias\/wp-json\/wp\/v2\/posts\/15908","targetHints":{"allow":["GET"]}}],"collection":[{"href":"https:\/\/blogdorogeriogomes.com.br\/noticias\/wp-json\/wp\/v2\/posts"}],"about":[{"href":"https:\/\/blogdorogeriogomes.com.br\/noticias\/wp-json\/wp\/v2\/types\/post"}],"author":[{"embeddable":true,"href":"https:\/\/blogdorogeriogomes.com.br\/noticias\/wp-json\/wp\/v2\/users\/1"}],"replies":[{"embeddable":true,"href":"https:\/\/blogdorogeriogomes.com.br\/noticias\/wp-json\/wp\/v2\/comments?post=15908"}],"version-history":[{"count":1,"href":"https:\/\/blogdorogeriogomes.com.br\/noticias\/wp-json\/wp\/v2\/posts\/15908\/revisions"}],"predecessor-version":[{"id":15910,"href":"https:\/\/blogdorogeriogomes.com.br\/noticias\/wp-json\/wp\/v2\/posts\/15908\/revisions\/15910"}],"wp:featuredmedia":[{"embeddable":true,"href":"https:\/\/blogdorogeriogomes.com.br\/noticias\/wp-json\/wp\/v2\/media\/15909"}],"wp:attachment":[{"href":"https:\/\/blogdorogeriogomes.com.br\/noticias\/wp-json\/wp\/v2\/media?parent=15908"}],"wp:term":[{"taxonomy":"category","embeddable":true,"href":"https:\/\/blogdorogeriogomes.com.br\/noticias\/wp-json\/wp\/v2\/categories?post=15908"},{"taxonomy":"post_tag","embeddable":true,"href":"https:\/\/blogdorogeriogomes.com.br\/noticias\/wp-json\/wp\/v2\/tags?post=15908"}],"curies":[{"name":"wp","href":"https:\/\/api.w.org\/{rel}","templated":true}]}}