{"id":15911,"date":"2020-03-16T14:03:14","date_gmt":"2020-03-16T14:03:14","guid":{"rendered":"http:\/\/blogdorogeriogomes.com.br\/?p=15911"},"modified":"2020-03-17T12:08:19","modified_gmt":"2020-03-17T12:08:19","slug":"sessoes-na-camara-municipal-de-fortaleza-tambem-devem-passar-a-ter-acesso-mais-restrito","status":"publish","type":"post","link":"https:\/\/blogdorogeriogomes.com.br\/noticias\/2020\/03\/sessoes-na-camara-municipal-de-fortaleza-tambem-devem-passar-a-ter-acesso-mais-restrito\/","title":{"rendered":"Sess\u00f5es na C\u00e2mara Municipal de Fortaleza tamb\u00e9m devem passar a ter acesso mais restrito"},"content":{"rendered":"\n<p>O presidente da C\u00e2mara Municipal de Fortaleza, Ant\u00f4nio Henrique, confirmou nesta segunda-feira, dia 16 de mar\u00e7o, que o Legislativo Municipal tamb\u00e9m vai tomar medidas para evitar concentra\u00e7\u00e3o de pessoas na Casa, a fim de combater a dissemina\u00e7\u00e3o do coronav\u00edrus. Segundo ele, ser\u00e1 realizada uma reuni\u00e3o com a Mesa Diretora para que as a\u00e7\u00f5es sejam definidas. As sess\u00f5es legislativas devem continuar acontecendo, mas com restri\u00e7\u00e3o de acesso \u00e0 sede da C\u00e2mara Municipal. &#8220;Temos que nos preocupar com a sa\u00fade dos vereadores, das suas fam\u00edlias, como tamb\u00e9m de todos os servidores que trabalham hoje na C\u00e2mara Municipal&#8221;, disse o presidente Ant\u00f4nio Henrique.<\/p>\n\n\n\n<figure class=\"wp-block-gallery columns-1 is-cropped wp-block-gallery-1 is-layout-flex wp-block-gallery-is-layout-flex\"><ul class=\"blocks-gallery-grid\"><li class=\"blocks-gallery-item\"><figure><img loading=\"lazy\" decoding=\"async\" width=\"569\" height=\"479\" src=\"http:\/\/blogdorogeriogomes.com.br\/wp-content\/uploads\/2020\/03\/IMG_20200316_105932_773.jpg\" alt=\"\" data-id=\"15912\" data-full-url=\"http:\/\/blogdorogeriogomes.com.br\/wp-content\/uploads\/2020\/03\/IMG_20200316_105932_773.jpg\" data-link=\"http:\/\/blogdorogeriogomes.com.br\/?attachment_id=15912\" class=\"wp-image-15912\" srcset=\"https:\/\/blogdorogeriogomes.com.br\/noticias\/wp-content\/uploads\/2020\/03\/IMG_20200316_105932_773.jpg 569w, https:\/\/blogdorogeriogomes.com.br\/noticias\/wp-content\/uploads\/2020\/03\/IMG_20200316_105932_773-300x253.jpg 300w\" sizes=\"auto, (max-width: 569px) 100vw, 569px\" \/><\/figure><\/li><\/ul><\/figure>\n","protected":false},"excerpt":{"rendered":"<p>O presidente da C\u00e2mara Municipal de Fortaleza, Ant\u00f4nio Henrique, confirmou nesta segunda-feira, dia 16 de mar\u00e7o, que o Legislativo Municipal tamb\u00e9m vai tomar medidas para evitar concentra\u00e7\u00e3o de pessoas na Casa, a fim de combater a dissemina\u00e7\u00e3o do coronav\u00edrus. Segundo ele, ser\u00e1 realizada uma reuni\u00e3o com a Mesa Diretora para que as a\u00e7\u00f5es sejam definidas. As sess\u00f5es legislativas devem continuar acontecendo, mas com restri\u00e7\u00e3o de acesso \u00e0 sede da C\u00e2mara Municipal. &#8220;Temos que nos preocupar com a sa\u00fade dos&hellip;<\/p>\n","protected":false},"author":1,"featured_media":15912,"comment_status":"open","ping_status":"open","sticky":false,"template":"","format":"standard","meta":{"footnotes":""},"categories":[1],"tags":[],"class_list":["post-15911","post","type-post","status-publish","format-standard","has-post-thumbnail","hentry","category-noticias"],"_links":{"self":[{"href":"https:\/\/blogdorogeriogomes.com.br\/noticias\/wp-json\/wp\/v2\/posts\/15911","targetHints":{"allow":["GET"]}}],"collection":[{"href":"https:\/\/blogdorogeriogomes.com.br\/noticias\/wp-json\/wp\/v2\/posts"}],"about":[{"href":"https:\/\/blogdorogeriogomes.com.br\/noticias\/wp-json\/wp\/v2\/types\/post"}],"author":[{"embeddable":true,"href":"https:\/\/blogdorogeriogomes.com.br\/noticias\/wp-json\/wp\/v2\/users\/1"}],"replies":[{"embeddable":true,"href":"https:\/\/blogdorogeriogomes.com.br\/noticias\/wp-json\/wp\/v2\/comments?post=15911"}],"version-history":[{"count":1,"href":"https:\/\/blogdorogeriogomes.com.br\/noticias\/wp-json\/wp\/v2\/posts\/15911\/revisions"}],"predecessor-version":[{"id":15913,"href":"https:\/\/blogdorogeriogomes.com.br\/noticias\/wp-json\/wp\/v2\/posts\/15911\/revisions\/15913"}],"wp:featuredmedia":[{"embeddable":true,"href":"https:\/\/blogdorogeriogomes.com.br\/noticias\/wp-json\/wp\/v2\/media\/15912"}],"wp:attachment":[{"href":"https:\/\/blogdorogeriogomes.com.br\/noticias\/wp-json\/wp\/v2\/media?parent=15911"}],"wp:term":[{"taxonomy":"category","embeddable":true,"href":"https:\/\/blogdorogeriogomes.com.br\/noticias\/wp-json\/wp\/v2\/categories?post=15911"},{"taxonomy":"post_tag","embeddable":true,"href":"https:\/\/blogdorogeriogomes.com.br\/noticias\/wp-json\/wp\/v2\/tags?post=15911"}],"curies":[{"name":"wp","href":"https:\/\/api.w.org\/{rel}","templated":true}]}}