{"id":15914,"date":"2020-03-16T21:01:13","date_gmt":"2020-03-16T21:01:13","guid":{"rendered":"http:\/\/blogdorogeriogomes.com.br\/?p=15914"},"modified":"2020-03-17T12:07:56","modified_gmt":"2020-03-17T12:07:56","slug":"camilo-santana-decreta-estado-de-emergencia-em-saude-publica-por-causa-do-coronavirus-ceara-ja-tem-nove-casos-confirmados","status":"publish","type":"post","link":"https:\/\/blogdorogeriogomes.com.br\/noticias\/2020\/03\/camilo-santana-decreta-estado-de-emergencia-em-saude-publica-por-causa-do-coronavirus-ceara-ja-tem-nove-casos-confirmados\/","title":{"rendered":"Camilo Santana decreta estado de emerg\u00eancia em sa\u00fade p\u00fablica por causa do coronav\u00edrus. Cear\u00e1 j\u00e1 tem nove casos confirmados"},"content":{"rendered":"\n<p>O governador do Cear\u00e1, Camilo Santana, decretou estado de emerg\u00eancia em sa\u00fade p\u00fablica por causa do aumento de casos do coronav\u00edrus no Cear\u00e1, nesta segunda-feira, dia 16 de mar\u00e7o. J\u00e1 s\u00e3o nove casos confirmados no Cear\u00e1, sendo oito em Fortaleza e um em Aquiraz.<\/p>\n\n\n\n<p>Acompanhe as principais medidas:<\/p>\n\n\n\n<ul class=\"wp-block-list\"><li>Todos os eventos com mais de 100 pessoas devem ser cancelados, incluindo eventos religiosos<\/li><li>Eventos p\u00fablicos acima de 100 pessoas dever\u00e3o ser suspensos, incluindo aulas em escolas e universidades p\u00fablicas a partir de quarta-feira, por 15 dias.<\/li><li>Suspens\u00e3o de visitas nas unidades prisionais do Estado<\/li><li>Suspens\u00e3o de f\u00e9rias de todos os servidores de sa\u00fade do estado<\/li><li>Obrigatoriedade da higieniza\u00e7\u00e3o dos meios de transporte p\u00fablico pelo menos uma vez ao dia<\/li><li>Secretaria de Sa\u00fade do Estado continuar\u00e1 publicando boletim epidemiol\u00f3gico todos os dias<\/li><li>Solicita\u00e7\u00e3o de suspens\u00e3o dos voos internacionais do Ceara para Anac e Anvisa<\/li><li>Protocolo de limpeza r\u00edgido nos transportes p\u00fablicos, incluindo espa\u00e7o para lavar as m\u00e3os dentro dos terminais.<\/li><li>Cear\u00e1 est\u00e1 realizando os exames para comprova\u00e7\u00e3o do coronav\u00edrus h\u00e1 dois dias<\/li><li>4\u00b0 e 5\u00b0 andares do IJF que seriam entregues em abril e maio, respectivamente, com leitos de enfermarias ter\u00e3o, agora, 74 leitos de UTI. Ser\u00e3o usados como retaguarda para casos do coronav\u00edrus.<\/li><\/ul>\n\n\n\n<figure class=\"wp-block-gallery columns-1 is-cropped wp-block-gallery-1 is-layout-flex wp-block-gallery-is-layout-flex\"><ul class=\"blocks-gallery-grid\"><li class=\"blocks-gallery-item\"><figure><img loading=\"lazy\" decoding=\"async\" width=\"667\" height=\"460\" src=\"http:\/\/blogdorogeriogomes.com.br\/wp-content\/uploads\/2020\/03\/images-62.jpeg\" alt=\"\" data-id=\"15915\" data-full-url=\"http:\/\/blogdorogeriogomes.com.br\/wp-content\/uploads\/2020\/03\/images-62.jpeg\" data-link=\"http:\/\/blogdorogeriogomes.com.br\/?attachment_id=15915\" class=\"wp-image-15915\" srcset=\"https:\/\/blogdorogeriogomes.com.br\/noticias\/wp-content\/uploads\/2020\/03\/images-62.jpeg 667w, https:\/\/blogdorogeriogomes.com.br\/noticias\/wp-content\/uploads\/2020\/03\/images-62-300x207.jpeg 300w\" sizes=\"auto, (max-width: 667px) 100vw, 667px\" \/><\/figure><\/li><\/ul><\/figure>\n","protected":false},"excerpt":{"rendered":"<p>O governador do Cear\u00e1, Camilo Santana, decretou estado de emerg\u00eancia em sa\u00fade p\u00fablica por causa do aumento de casos do coronav\u00edrus no Cear\u00e1, nesta segunda-feira, dia 16 de mar\u00e7o. J\u00e1 s\u00e3o nove casos confirmados no Cear\u00e1, sendo oito em Fortaleza e um em Aquiraz. Acompanhe as principais medidas: Todos os eventos com mais de 100 pessoas devem ser cancelados, incluindo eventos religiosos Eventos p\u00fablicos acima de 100 pessoas dever\u00e3o ser suspensos, incluindo aulas em escolas e universidades p\u00fablicas a&hellip;<\/p>\n","protected":false},"author":1,"featured_media":15915,"comment_status":"open","ping_status":"open","sticky":false,"template":"","format":"standard","meta":{"footnotes":""},"categories":[1],"tags":[],"class_list":["post-15914","post","type-post","status-publish","format-standard","has-post-thumbnail","hentry","category-noticias"],"_links":{"self":[{"href":"https:\/\/blogdorogeriogomes.com.br\/noticias\/wp-json\/wp\/v2\/posts\/15914","targetHints":{"allow":["GET"]}}],"collection":[{"href":"https:\/\/blogdorogeriogomes.com.br\/noticias\/wp-json\/wp\/v2\/posts"}],"about":[{"href":"https:\/\/blogdorogeriogomes.com.br\/noticias\/wp-json\/wp\/v2\/types\/post"}],"author":[{"embeddable":true,"href":"https:\/\/blogdorogeriogomes.com.br\/noticias\/wp-json\/wp\/v2\/users\/1"}],"replies":[{"embeddable":true,"href":"https:\/\/blogdorogeriogomes.com.br\/noticias\/wp-json\/wp\/v2\/comments?post=15914"}],"version-history":[{"count":1,"href":"https:\/\/blogdorogeriogomes.com.br\/noticias\/wp-json\/wp\/v2\/posts\/15914\/revisions"}],"predecessor-version":[{"id":15916,"href":"https:\/\/blogdorogeriogomes.com.br\/noticias\/wp-json\/wp\/v2\/posts\/15914\/revisions\/15916"}],"wp:featuredmedia":[{"embeddable":true,"href":"https:\/\/blogdorogeriogomes.com.br\/noticias\/wp-json\/wp\/v2\/media\/15915"}],"wp:attachment":[{"href":"https:\/\/blogdorogeriogomes.com.br\/noticias\/wp-json\/wp\/v2\/media?parent=15914"}],"wp:term":[{"taxonomy":"category","embeddable":true,"href":"https:\/\/blogdorogeriogomes.com.br\/noticias\/wp-json\/wp\/v2\/categories?post=15914"},{"taxonomy":"post_tag","embeddable":true,"href":"https:\/\/blogdorogeriogomes.com.br\/noticias\/wp-json\/wp\/v2\/tags?post=15914"}],"curies":[{"name":"wp","href":"https:\/\/api.w.org\/{rel}","templated":true}]}}