{"id":15920,"date":"2020-03-17T10:28:48","date_gmt":"2020-03-17T10:28:48","guid":{"rendered":"http:\/\/blogdorogeriogomes.com.br\/?p=15920"},"modified":"2020-03-17T12:07:33","modified_gmt":"2020-03-17T12:07:33","slug":"apos-novo-acordo-em-comissao-assembleia-legislativa-deve-votar-reajuste-dos-militares-ate-a-proxima-semana","status":"publish","type":"post","link":"https:\/\/blogdorogeriogomes.com.br\/noticias\/2020\/03\/apos-novo-acordo-em-comissao-assembleia-legislativa-deve-votar-reajuste-dos-militares-ate-a-proxima-semana\/","title":{"rendered":"Ap\u00f3s novo acordo em comiss\u00e3o, Assembleia Legislativa deve votar reajuste dos militares at\u00e9 a pr\u00f3xima semana"},"content":{"rendered":"\n<p>A comiss\u00e3o de negocia\u00e7\u00e3o do Governo, Assembleia, Minist\u00e9rio P\u00fablico e OAB e os representantes de policiais militares decidiram destravar a proposta de reajuste salarial da categoria. A proposta enviada pelo Executivo para a Assembleia Legislativa deve ser votada at\u00e9 pr\u00f3xima semana. A decis\u00e3o foi tomada durante reuni\u00e3o no sal\u00e3o nobre da Assembleia Legislativa.<\/p>\n\n\n\n<p>Representantes dos militares decidiram acatar a tabela original para que os PMs e bombeiros recebam a corre\u00e7\u00e3o salarial no pr\u00f3ximo m\u00eas. O medo da categoria era que o Legislativo Estadual suspendesse os trabalhos antes de votar a mat\u00e9ria, devido a pandemia do coronav\u00edrus, adiando, por tempo indeterminado, a vota\u00e7\u00e3o do reajuste.<\/p>\n\n\n\n<figure class=\"wp-block-gallery columns-1 is-cropped wp-block-gallery-1 is-layout-flex wp-block-gallery-is-layout-flex\"><ul class=\"blocks-gallery-grid\"><li class=\"blocks-gallery-item\"><figure><img loading=\"lazy\" decoding=\"async\" width=\"900\" height=\"599\" src=\"http:\/\/blogdorogeriogomes.com.br\/wp-content\/uploads\/2020\/03\/5b16babcc2d69fd160663271253c0ba3_XL.jpg\" alt=\"\" data-id=\"15921\" data-full-url=\"http:\/\/blogdorogeriogomes.com.br\/wp-content\/uploads\/2020\/03\/5b16babcc2d69fd160663271253c0ba3_XL.jpg\" data-link=\"http:\/\/blogdorogeriogomes.com.br\/?attachment_id=15921\" class=\"wp-image-15921\" srcset=\"https:\/\/blogdorogeriogomes.com.br\/noticias\/wp-content\/uploads\/2020\/03\/5b16babcc2d69fd160663271253c0ba3_XL.jpg 900w, https:\/\/blogdorogeriogomes.com.br\/noticias\/wp-content\/uploads\/2020\/03\/5b16babcc2d69fd160663271253c0ba3_XL-300x200.jpg 300w, https:\/\/blogdorogeriogomes.com.br\/noticias\/wp-content\/uploads\/2020\/03\/5b16babcc2d69fd160663271253c0ba3_XL-768x511.jpg 768w, https:\/\/blogdorogeriogomes.com.br\/noticias\/wp-content\/uploads\/2020\/03\/5b16babcc2d69fd160663271253c0ba3_XL-800x532.jpg 800w\" sizes=\"auto, (max-width: 900px) 100vw, 900px\" \/><\/figure><\/li><\/ul><\/figure>\n","protected":false},"excerpt":{"rendered":"<p>A comiss\u00e3o de negocia\u00e7\u00e3o do Governo, Assembleia, Minist\u00e9rio P\u00fablico e OAB e os representantes de policiais militares decidiram destravar a proposta de reajuste salarial da categoria. A proposta enviada pelo Executivo para a Assembleia Legislativa deve ser votada at\u00e9 pr\u00f3xima semana. A decis\u00e3o foi tomada durante reuni\u00e3o no sal\u00e3o nobre da Assembleia Legislativa. Representantes dos militares decidiram acatar a tabela original para que os PMs e bombeiros recebam a corre\u00e7\u00e3o salarial no pr\u00f3ximo m\u00eas. O medo da categoria era&hellip;<\/p>\n","protected":false},"author":1,"featured_media":15921,"comment_status":"open","ping_status":"open","sticky":false,"template":"","format":"standard","meta":{"footnotes":""},"categories":[1],"tags":[],"class_list":["post-15920","post","type-post","status-publish","format-standard","has-post-thumbnail","hentry","category-noticias"],"_links":{"self":[{"href":"https:\/\/blogdorogeriogomes.com.br\/noticias\/wp-json\/wp\/v2\/posts\/15920","targetHints":{"allow":["GET"]}}],"collection":[{"href":"https:\/\/blogdorogeriogomes.com.br\/noticias\/wp-json\/wp\/v2\/posts"}],"about":[{"href":"https:\/\/blogdorogeriogomes.com.br\/noticias\/wp-json\/wp\/v2\/types\/post"}],"author":[{"embeddable":true,"href":"https:\/\/blogdorogeriogomes.com.br\/noticias\/wp-json\/wp\/v2\/users\/1"}],"replies":[{"embeddable":true,"href":"https:\/\/blogdorogeriogomes.com.br\/noticias\/wp-json\/wp\/v2\/comments?post=15920"}],"version-history":[{"count":1,"href":"https:\/\/blogdorogeriogomes.com.br\/noticias\/wp-json\/wp\/v2\/posts\/15920\/revisions"}],"predecessor-version":[{"id":15922,"href":"https:\/\/blogdorogeriogomes.com.br\/noticias\/wp-json\/wp\/v2\/posts\/15920\/revisions\/15922"}],"wp:featuredmedia":[{"embeddable":true,"href":"https:\/\/blogdorogeriogomes.com.br\/noticias\/wp-json\/wp\/v2\/media\/15921"}],"wp:attachment":[{"href":"https:\/\/blogdorogeriogomes.com.br\/noticias\/wp-json\/wp\/v2\/media?parent=15920"}],"wp:term":[{"taxonomy":"category","embeddable":true,"href":"https:\/\/blogdorogeriogomes.com.br\/noticias\/wp-json\/wp\/v2\/categories?post=15920"},{"taxonomy":"post_tag","embeddable":true,"href":"https:\/\/blogdorogeriogomes.com.br\/noticias\/wp-json\/wp\/v2\/tags?post=15920"}],"curies":[{"name":"wp","href":"https:\/\/api.w.org\/{rel}","templated":true}]}}